{"id":9517,"date":"2025-07-03T12:28:00","date_gmt":"2025-07-03T10:28:00","guid":{"rendered":"https:\/\/cafeprensa.com.ar\/?p=9517"},"modified":"2025-07-03T12:28:00","modified_gmt":"2025-07-03T10:28:00","slug":"jaldo-y-milei-juntos-el-9-de-julio","status":"publish","type":"post","link":"https:\/\/cafeprensa.com.ar\/index.php\/2025\/07\/03\/jaldo-y-milei-juntos-el-9-de-julio\/","title":{"rendered":"Jaldo y Milei juntos el 9 de Julio"},"content":{"rendered":"<header class=\"entry-header\">\n<div class=\"entry-meta\">Tucum\u00e1n vuelve a vestirse de celeste y blanco para recibir, una vez m\u00e1s, el d\u00eda m\u00e1s simb\u00f3lico de su historia: <strong>el 9 de Julio. A 209 a\u00f1os de la declaraci\u00f3n de la independencia, la provincia<\/strong> ser\u00e1 como cada a\u00f1o el escenario donde se entrelazan pasado y presente, tradici\u00f3n y pol\u00edtica.<strong> Y este 2025 lo har\u00e1 con un condimento especial: la presencia confirmada del presidente Javier Milei, quien volver\u00e1 a pisar suelo tucumano tras la firma del Pacto de Mayo.<\/strong><\/div>\n<\/header>\n<div class=\"entry-content\">\n<p><strong>Desde el martes 2, en la explanada de la Casa de Gobierno, ya se colocan luces, banderas, escenarios y dispositivos de seguridad. La vigilia patri\u00f3tica comenzar\u00e1 oficialmente el lunes 8 por la tarde, y se extender\u00e1 hasta la medianoche, cuando en la hist\u00f3rica casona de Congreso 151,<\/strong> el himno y la emoci\u00f3n volver\u00e1n a fundirse en un mismo momento. Tucum\u00e1n volver\u00e1 a ser capital simb\u00f3lica de la Argentina por un d\u00eda. Y esta vez, con Milei y Jaldo compartiendo escena.<\/p>\n<p><img loading=\"lazy\" decoding=\"async\" class=\"alignnone wp-image-9518 size-full\" src=\"https:\/\/cafeprensa.com.ar\/wp-content\/uploads\/2025\/07\/68642578bf228_700_394.png\" alt=\"\" width=\"700\" height=\"394\" srcset=\"https:\/\/cafeprensa.com.ar\/wp-content\/uploads\/2025\/07\/68642578bf228_700_394.png 700w, https:\/\/cafeprensa.com.ar\/wp-content\/uploads\/2025\/07\/68642578bf228_700_394-300x169.png 300w, https:\/\/cafeprensa.com.ar\/wp-content\/uploads\/2025\/07\/68642578bf228_700_394-390x220.png 390w\" sizes=\"auto, (max-width: 700px) 100vw, 700px\" \/><\/p>\n<p><strong>\u201cLa Patria naci\u00f3 ac\u00e1, y el Presidente tiene que estar ac\u00e1\u201d, repiti\u00f3 el gobernador Osvaldo Jaldo ante los micr\u00f3fonos. Lo hizo con tono institucional, sin confrontar, consciente del valor que tiene para \u00e9l y para Tucum\u00e1n que el jefe de Estado encabece los actos centrales. \u201cLas diferencias pol\u00edticas pueden esperar. El 9 de Julio nos convoca a todos\u201d<\/strong>, agreg\u00f3.<\/p>\n<p><strong>La participaci\u00f3n de Milei: vigilia, Tedeum y mensaje nacional<\/strong><\/p>\n<p>Seg\u00fan confirmaron desde Casa Rosada y desde el propio entorno del gobernador,\u00a0<strong>Javier Milei llegar\u00e1 a Tucum\u00e1n la noche del lunes 8<\/strong>, cerca de las 21:30. Aterrizar\u00e1 en el aeropuerto Benjam\u00edn Matienzo y ser\u00e1 trasladado en helic\u00f3ptero hasta la capital. All\u00ed participar\u00e1 de la\u00a0<strong>vigilia oficial en la Casa Hist\u00f3rica<\/strong>, acompa\u00f1ado de autoridades locales y nacionales, en una ceremonia austera pero simb\u00f3licamente poderosa. Se espera que, como en julio de 2024, el Presidente brinde un mensaje breve al pa\u00eds desde el lugar donde se gest\u00f3 la Naci\u00f3n.<\/p>\n<p>Ya el martes 9 de julio, Milei encabezar\u00e1 el\u00a0<strong>Tedeum en la Catedral<\/strong>, junto a Jaldo y el arzobispo Carlos S\u00e1nchez, y se trasladar\u00e1 luego hasta la\u00a0<strong>Casa de Gobierno<\/strong>, donde compartir\u00e1 el tradicional chocolate patrio con vecinos y autoridades. Tambi\u00e9n est\u00e1 previsto un acto protocolar con izamiento de bandera y la posterior realizaci\u00f3n <strong>del\u00a0desfile c\u00edvico-militar\u00a0en el Parque 9 de Julio.<\/strong><\/p>\n<p><strong>A diferencia del a\u00f1o anterior, no habr\u00e1 firma de pactos ni discursos extensos. Esta vez, la presencia presidencial busca enviar un mensaje institucional, de respeto por la fecha y por el federalismo, en medio de un clima social y econ\u00f3mico que a\u00fan permanece en tensi\u00f3n.<\/strong><\/p>\n<\/div>\n","protected":false},"excerpt":{"rendered":"<p>Tucum\u00e1n vuelve a vestirse de celeste y blanco para recibir, una vez m\u00e1s, el d\u00eda m\u00e1s simb\u00f3lico de su historia: el 9 de Julio. A 209 a\u00f1os de la declaraci\u00f3n de la independencia, la provincia ser\u00e1 como cada a\u00f1o el escenario donde se entrelazan pasado y presente, tradici\u00f3n y pol\u00edtica. Y este 2025 lo har\u00e1 &hellip;<\/p>\n","protected":false},"author":2,"featured_media":9519,"comment_status":"open","ping_status":"open","sticky":false,"template":"","format":"standard","meta":{"footnotes":""},"categories":[34,25],"tags":[2169,94,41],"class_list":["post-9517","post","type-post","status-publish","format-standard","has-post-thumbnail","hentry","category-locales","category-politica","tag-9-de-julio-2025","tag-jaldo","tag-milei"],"_links":{"self":[{"href":"https:\/\/cafeprensa.com.ar\/index.php\/wp-json\/wp\/v2\/posts\/9517","targetHints":{"allow":["GET"]}}],"collection":[{"href":"https:\/\/cafeprensa.com.ar\/index.php\/wp-json\/wp\/v2\/posts"}],"about":[{"href":"https:\/\/cafeprensa.com.ar\/index.php\/wp-json\/wp\/v2\/types\/post"}],"author":[{"embeddable":true,"href":"https:\/\/cafeprensa.com.ar\/index.php\/wp-json\/wp\/v2\/users\/2"}],"replies":[{"embeddable":true,"href":"https:\/\/cafeprensa.com.ar\/index.php\/wp-json\/wp\/v2\/comments?post=9517"}],"version-history":[{"count":1,"href":"https:\/\/cafeprensa.com.ar\/index.php\/wp-json\/wp\/v2\/posts\/9517\/revisions"}],"predecessor-version":[{"id":9520,"href":"https:\/\/cafeprensa.com.ar\/index.php\/wp-json\/wp\/v2\/posts\/9517\/revisions\/9520"}],"wp:featuredmedia":[{"embeddable":true,"href":"https:\/\/cafeprensa.com.ar\/index.php\/wp-json\/wp\/v2\/media\/9519"}],"wp:attachment":[{"href":"https:\/\/cafeprensa.com.ar\/index.php\/wp-json\/wp\/v2\/media?parent=9517"}],"wp:term":[{"taxonomy":"category","embeddable":true,"href":"https:\/\/cafeprensa.com.ar\/index.php\/wp-json\/wp\/v2\/categories?post=9517"},{"taxonomy":"post_tag","embeddable":true,"href":"https:\/\/cafeprensa.com.ar\/index.php\/wp-json\/wp\/v2\/tags?post=9517"}],"curies":[{"name":"wp","href":"https:\/\/api.w.org\/{rel}","templated":true}]}}