{"id":9527,"date":"2025-07-03T14:21:21","date_gmt":"2025-07-03T12:21:21","guid":{"rendered":"https:\/\/cafeprensa.com.ar\/?p=9527"},"modified":"2025-07-03T14:21:21","modified_gmt":"2025-07-03T12:21:21","slug":"el-papa-francisco-mintio-para-prohibir-la-misa-en-latin","status":"publish","type":"post","link":"https:\/\/cafeprensa.com.ar\/index.php\/2025\/07\/03\/el-papa-francisco-mintio-para-prohibir-la-misa-en-latin\/","title":{"rendered":"\u00bfEl papa Francisco minti\u00f3 para prohibir la misa en lat\u00edn?"},"content":{"rendered":"<div class=\"sc-808a5b4d-0 fiDTki normal-header false normal-header false\">\n<div class=\"sc-808a5b4d-0 fiDTki shared-header shared-header\">\n<div class=\"mt \">\n<p class=\"storyTitle \">Documentos filtrados en el Vaticano. Los documentos sugieren que la mayor\u00eda de los obispos cat\u00f3licos que respondieron a una encuesta realizada en 2020 expresaron su satisfacci\u00f3n general con ella y advirtieron que restringirla <strong>\u201char\u00eda m\u00e1s da\u00f1o que bien\u201d. <\/strong>En 2021, en uno de sus actos m\u00e1s controvertidos, el pont\u00edfice argentino revirti\u00f3 el legado lit\u00fargico caracter\u00edstico del <strong>papa Benedicto XVI<\/strong> y dijo que lo hac\u00eda en funci\u00f3n de la opini\u00f3n mayoritaria de los obispos.<\/p>\n<\/div>\n<\/div>\n<\/div>\n<section class=\"sc-46e3ecc3-1 fMFjWA\">\n<article id=\"storyBody\" class=\"sc-46e3ecc3-2 cfXsMv\">\n<div class=\"StoryTextContainer vsmcontent\" data-mrf-recirculation=\"Article Body\">\n<div id=\"containerUalter\" class=\"trinity-skip-it\">\n<div class=\"ualter_content\">\n<section class=\"accordion\">\n<div class=\"tab\">\n<div class=\"tab__content\">\n<div class=\"sintesis\">\n<div class=\"sintesis-content\">\n<div class=\"slider-wrapper\">\n<ul id=\"slides-container\" class=\"slides-container\">\n<li class=\"slide\"><img decoding=\"async\" src=\"https:\/\/www.clarin.com\/img\/2025\/06\/30\/Qfxm2vjwp7_600x600__1.jpg\" alt=\"El Papa Le\u00f3n XIV oficia la Santa Misa en la Solemnidad de los Santos Ap\u00f3stoles Pedro y Pablo. Foto EFE\" data-readystate=\"complete\" \/><\/li>\n<\/ul>\n<\/div>\n<\/div>\n<\/div>\n<div class=\"footer\">\n<div class=\"rrss\"><\/div>\n<\/div>\n<\/div>\n<\/div>\n<\/section>\n<\/div>\n<\/div>\n<div id=\"cuerpo\">\n<div id=\"element-body-0\" class=\"sc-45461e9c-0 eqiBeF container-text text-embed \">\n<p>El debate en la Iglesia Cat\u00f3lica sobre la celebraci\u00f3n de la antigua misa en lat\u00edn se intensifica justo al inicio del pontificado de Le\u00f3n XIV\u00a0<strong>con la aparente filtraci\u00f3n de documentos del Vaticano que contradicen la raz\u00f3n que su predecesor, el papa Francisco,<\/strong>\u00a0present\u00f3 para restringir el acceso a la antigua liturgia.<\/p>\n<\/div>\n<div id=\"element-body-1\" class=\"sc-45461e9c-0 eqiBeF container-text text-embed \">\n<p>Los documentos sugieren que la mayor\u00eda de los obispos cat\u00f3licos que respondieron a una encuesta realizada en 2020 por el Vaticano sobre la misa en lat\u00edn\u00a0<strong>expresaron su satisfacci\u00f3n general con ella y advirtieron que restringirla \u201char\u00eda m\u00e1s da\u00f1o que bien\u201d.<\/strong><\/p>\n<\/div>\n<div id=\"element-body-2\" class=\"sc-45461e9c-0 eqiBeF container-text text-embed \">\n<p>Los textos de la oficina doctrinal del Vaticano fueron publicados en l\u00ednea el martes por Diane Montagna, una reportera de la Santa Sede que ha seguido la disputa sobre el tema. Hasta el momento, ni el portavoz del Vaticano ni el prefecto de la oficina doctrinal han respondido a solicitudes enviadas el mi\u00e9rcoles para que confirmaran su autenticidad o comentaran al respecto.<\/p>\n<\/div>\n<div id=\"element-body-3\" class=\"sc-45461e9c-0 eqiBeF container-text text-embed \">\n<p><strong>Si se confirman, los documentos podr\u00edan aumentar la presi\u00f3n sobre Le\u00f3n<\/strong>\u00a0para que intente pacificar las divisiones lit\u00fargicas que se extendieron, especialmente en Estados Unidos, durante el papado de 12 a\u00f1os de Francisco. Desde el inicio de su pontificado, Le\u00f3n ha dicho que su objetivo es la unidad y la reconciliaci\u00f3n en la iglesia, y muchos conservadores y tradicionalistas han se\u00f1alado la disputa sobre la misa en lat\u00edn como un \u00e1rea que requiere una resoluci\u00f3n urgente.<\/p>\n<\/div>\n<div id=\"element-body-4\" class=\"sc-45461e9c-0 eqiBeF container-text text-embed \">\n<p>En 2021, en uno de sus actos m\u00e1s controvertidos,\u00a0<strong>Francisco revirti\u00f3 el legado lit\u00fargico caracter\u00edstico del papa Benedicto XVI<\/strong>\u00a0y restringi\u00f3 el acceso de los cat\u00f3licos comunes a la antigua misa en lat\u00edn. La antigua liturgia se celebraba en todo el mundo antes de las reformas modernizadoras establecidas en la d\u00e9cada de 1960 despu\u00e9s del Concilio Vaticano II, que permitieron que el rito se celebrara en lengua vern\u00e1cula, con el sacerdote de cara a los fieles.<\/p>\n<\/div>\n<div id=\"element-body-5\" class=\"sc-98b114a2-0 bkqiHH image-embed  image-embed \"><picture class=\"sc-98b114a2-1 jRUlDm\"><source srcset=\"https:\/\/www.clarin.com\/img\/2025\/06\/30\/Qfxm2vjwp7_720x0__1.jpg\" media=\"(min-width: 975px)\" \/><img loading=\"lazy\" decoding=\"async\" src=\"https:\/\/www.clarin.com\/img\/2025\/06\/30\/Qfxm2vjwp7_720x0__1.jpg\" alt=\"El Papa Le\u00f3n XIV oficia la Santa Misa en la Solemnidad de los Santos Ap\u00f3stoles Pedro y Pablo. Foto EFE\" width=\"720\" height=\"480\" data-nimg=\"1\" data-readystate=\"complete\" \/><\/picture><\/div>\n<div class=\"sc-98b114a2-0 bkqiHH image-embed  image-embed \"><span class=\"epigraphe\">El Papa Le\u00f3n XIV oficia la Santa Misa en la Solemnidad de los Santos Ap\u00f3stoles Pedro y Pablo. Foto EFE<\/span><\/div>\n<div id=\"element-body-6\" class=\"sc-45461e9c-0 eqiBeF container-text text-embed \">\n<p>Francisco dijo que tomar\u00eda medidas en\u00e9rgicas contra la propagaci\u00f3n de la antigua liturgia porque la decisi\u00f3n de Benedicto en 2007 de relajar las restricciones\u00a0<strong>se hab\u00eda convertido en una fuente de divisi\u00f3n en la iglesia<\/strong>. El pont\u00edfice dijo en ese momento que atend\u00eda a \u201clos deseos expresados\u201d por obispos de todo el mundo que hab\u00edan respondido a la encuesta del Vaticano, as\u00ed como a la opini\u00f3n de la oficina doctrinal de la Santa Sede.<\/p>\n<\/div>\n<div id=\"element-body-7\" class=\"sc-45461e9c-0 eqiBeF container-text text-embed \">\n<p>\u201cLas respuestas revelan una situaci\u00f3n que me preocupa y entristece, y\u00a0<strong>me convence de la necesidad de intervenir<\/strong>\u201d, escribi\u00f3 Francisco en aquel momento. La relajaci\u00f3n de Benedicto hab\u00eda sido \u201cexplotada para ampliar las diferencias, reforzar las divergencias y fomentar desacuerdos que hieren a la iglesia, obstaculizan su camino y la exponen al peligro de la divisi\u00f3n\u201d, afirm\u00f3.<\/p>\n<\/div>\n<div id=\"element-body-8\" class=\"sc-45461e9c-0 eqiBeF container-text text-embed \">\n<p>Sin embargo, l<strong>os documentos publicados en l\u00ednea presentan un panorama diferente.\u00a0<\/strong>Sugieren que la mayor\u00eda de los obispos que respondieron a la encuesta del Vaticano ten\u00edan una visi\u00f3n generalmente favorable de la reforma de Benedicto y advirtieron que suprimirla o debilitarla llevar\u00eda a los cat\u00f3licos tradicionalistas a abandonar la iglesia y unirse a grupos cism\u00e1ticos. Advirtieron que cualquier cambio \u201cda\u00f1ar\u00eda seriamente la vida de la iglesia, ya que recrear\u00eda las tensiones que el documento hab\u00eda ayudado a resolver\u201d.<\/p>\n<\/div>\n<div id=\"element-body-9\" class=\"sc-45461e9c-0 eqiBeF container-text text-embed \">\n<p>Los documentos incluyen\u00a0<strong>una \u201cevaluaci\u00f3n general\u201d de cinco p\u00e1ginas de los hallazgos de la encuesta<\/strong>, escrita por la oficina doctrinal del Vaticano, as\u00ed como una compilaci\u00f3n de siete p\u00e1ginas de citas de obispos o conferencias episcopales.<\/p>\n<\/div>\n<div id=\"element-body-10\" class=\"sc-98b114a2-0 bkqiHH image-embed  image-embed \"><picture class=\"sc-98b114a2-1 jRUlDm\"><source srcset=\"https:\/\/www.clarin.com\/img\/2022\/12\/28\/jyNMzJUTe_720x0__1.jpg\" media=\"(min-width: 975px)\" \/><img loading=\"lazy\" decoding=\"async\" src=\"https:\/\/www.clarin.com\/img\/2022\/12\/28\/jyNMzJUTe_720x0__1.jpg\" alt=\"El entonces papa em\u00e9rito Benedicto XVI llega a la Plaza de San Pedro en el Vaticano para asistir a una ceremonia, el 19 de octubre de 2014. Foto AP\" width=\"720\" height=\"480\" data-nimg=\"1\" data-readystate=\"complete\" \/><\/picture><\/div>\n<div class=\"sc-98b114a2-0 bkqiHH image-embed  image-embed \"><span style=\"font-size: 8pt;\"><strong><span class=\"epigraphe\">El entonces papa em\u00e9rito Benedicto XVI llega a la Plaza de San Pedro en el Vaticano para asistir a una ceremonia, el 19 de octubre de 2014.<\/span><\/strong><\/span><\/div>\n<div id=\"element-body-11\" class=\"sc-45461e9c-0 eqiBeF container-text text-embed \">\n<p>Los documentos contienen algunas opiniones negativas y neutrales, y en ellos se indica que algunos obispos consideraron la reforma de Benedicto<strong>\u00a0como \u201cinapropiada, perturbadora\u201d,\u00a0<\/strong>peligrosa y digna de supresi\u00f3n. Pero seg\u00fan la propia evaluaci\u00f3n del Vaticano, la mayor\u00eda de los obispos que respondieron expresaron satisfacci\u00f3n. Cit\u00f3 el aumento de vocaciones religiosas en comunidades tradicionalistas y dijo que los j\u00f3venes cat\u00f3licos en particular se sent\u00edan atra\u00eddos por la \u201csacralidad, seriedad y solemnidad de la liturgia\u201d.<\/p>\n<\/div>\n<div id=\"element-body-12\" class=\"sc-45461e9c-0 eqiBeF container-text text-embed \">\n<p>No se sabe qu\u00e9 otras evidencias, an\u00e9cdotas o documentaci\u00f3n respaldaron la decisi\u00f3n de Francisco de revertir la de Benedicto. Pero desde el principio,\u00a0<strong>el difunto pont\u00edfice critic\u00f3 frecuentemente a los cat\u00f3licos tradicionalistas<\/strong>, a quienes acus\u00f3 de ser retr\u00f3grados ensimismados fuera de contacto con la misi\u00f3n evangelizadora de la iglesia en el siglo XXI. Los nuevos documentos han consolado a los tradicionalistas que se sintieron atacados y abandonados por Francisco.<\/p>\n<\/div>\n<div id=\"element-body-14\" class=\"sc-45461e9c-0 eqiBeF container-text text-embed \">\n<p>\u201cLas nuevas revelaciones confirman que el papa Francisco\u00a0<strong>restringi\u00f3 la misa tradicional a petici\u00f3n de una minor\u00eda de obispos<\/strong>, y en contra del consejo del dicasterio encargado del tema\u201d, dijo Joseph Shaw, de la Sociedad de la misa en lat\u00edn de Inglaterra y Gales. <strong>\u201cLa opini\u00f3n mayoritaria de los obispos, de que restringir la misa tradicional causar\u00eda m\u00e1s da\u00f1o que bien, lamentablemente ha demostrado ser correcta\u201d. En un correo electr\u00f3nico, dijo que Le\u00f3n deber\u00eda abordar el tema \u201curgentemente\u201d.<\/strong><\/p>\n<\/div>\n<\/div>\n<\/div>\n<\/article>\n<\/section>\n","protected":false},"excerpt":{"rendered":"<p>Documentos filtrados en el Vaticano. Los documentos sugieren que la mayor\u00eda de los obispos cat\u00f3licos que respondieron a una encuesta realizada en 2020 expresaron su satisfacci\u00f3n general con ella y advirtieron que restringirla \u201char\u00eda m\u00e1s da\u00f1o que bien\u201d. En 2021, en uno de sus actos m\u00e1s controvertidos, el pont\u00edfice argentino revirti\u00f3 el legado lit\u00fargico caracter\u00edstico &hellip;<\/p>\n","protected":false},"author":2,"featured_media":9528,"comment_status":"open","ping_status":"open","sticky":false,"template":"","format":"standard","meta":{"footnotes":""},"categories":[54,35],"tags":[518],"class_list":["post-9527","post","type-post","status-publish","format-standard","has-post-thumbnail","hentry","category-interes-ganeral","category-internacionales","tag-papa-francisco"],"_links":{"self":[{"href":"https:\/\/cafeprensa.com.ar\/index.php\/wp-json\/wp\/v2\/posts\/9527","targetHints":{"allow":["GET"]}}],"collection":[{"href":"https:\/\/cafeprensa.com.ar\/index.php\/wp-json\/wp\/v2\/posts"}],"about":[{"href":"https:\/\/cafeprensa.com.ar\/index.php\/wp-json\/wp\/v2\/types\/post"}],"author":[{"embeddable":true,"href":"https:\/\/cafeprensa.com.ar\/index.php\/wp-json\/wp\/v2\/users\/2"}],"replies":[{"embeddable":true,"href":"https:\/\/cafeprensa.com.ar\/index.php\/wp-json\/wp\/v2\/comments?post=9527"}],"version-history":[{"count":1,"href":"https:\/\/cafeprensa.com.ar\/index.php\/wp-json\/wp\/v2\/posts\/9527\/revisions"}],"predecessor-version":[{"id":9529,"href":"https:\/\/cafeprensa.com.ar\/index.php\/wp-json\/wp\/v2\/posts\/9527\/revisions\/9529"}],"wp:featuredmedia":[{"embeddable":true,"href":"https:\/\/cafeprensa.com.ar\/index.php\/wp-json\/wp\/v2\/media\/9528"}],"wp:attachment":[{"href":"https:\/\/cafeprensa.com.ar\/index.php\/wp-json\/wp\/v2\/media?parent=9527"}],"wp:term":[{"taxonomy":"category","embeddable":true,"href":"https:\/\/cafeprensa.com.ar\/index.php\/wp-json\/wp\/v2\/categories?post=9527"},{"taxonomy":"post_tag","embeddable":true,"href":"https:\/\/cafeprensa.com.ar\/index.php\/wp-json\/wp\/v2\/tags?post=9527"}],"curies":[{"name":"wp","href":"https:\/\/api.w.org\/{rel}","templated":true}]}}