{"id":9531,"date":"2025-07-03T19:40:16","date_gmt":"2025-07-03T17:40:16","guid":{"rendered":"https:\/\/cafeprensa.com.ar\/?p=9531"},"modified":"2025-07-03T19:40:16","modified_gmt":"2025-07-03T17:40:16","slug":"portugal-presento-un-proyecto-de-ordenanza-para-erradicar-las-mesas-y-las-sillas-de-las-plazas-en-concepcion","status":"publish","type":"post","link":"https:\/\/cafeprensa.com.ar\/index.php\/2025\/07\/03\/portugal-presento-un-proyecto-de-ordenanza-para-erradicar-las-mesas-y-las-sillas-de-las-plazas-en-concepcion\/","title":{"rendered":"Portugal present\u00f3 un proyecto de ordenanza para erradicar las mesas y las sillas de las plazas en Concepci\u00f3n"},"content":{"rendered":"<p>En la ciudad se Concepci\u00f3n se present\u00f3 un proyecto para reordenar el espacio p\u00fablico, el cual busca erradicar las mesas y sillas ubicadas en la v\u00eda p\u00fablica (plazas, parques) por parte del sector gastron\u00f3mico durante la pandemia. El autor de la iniciativa es el concejal <strong>Nelson Portugal<\/strong> quien manifiesta la \u00abnecesidad de resguardar y preservar las plazas\u00bb.<\/p>\n<p>El proyecto establece la \u00abeliminaci\u00f3n de las mesas, sillas, mobiliarios, estructuras fijas o m\u00f3viles, con fines comerciales plazas, paseos y espacios verdes p\u00fablicos\u00bb. En su articulado tambi\u00e9n deja sin efecto \u00aba las autorizaciones precarias o transitorias\u00bb, que permit\u00edan el establecimiento de los mismos en la v\u00eda p\u00fablica, destacando como excepci\u00f3n, que estos permisos solamente ser\u00e1n otorgados de manera temporal para actividades culturales, ferias comunitarias, eventos p\u00fablicos o sociales de acceso libre y gratuito.<\/p>\n<p>Portugal explica que en un primer momento las mesas y sillas se encontraban instaladas \u00abpor decreto municipal dada la urgencia en tiempo de pandemia, pero ahora, al haber terminado la emergencia, es hora de recuperar el espacio p\u00fablico para los ciudadanos nuevamente\u00bb. Adem\u00e1s, el edil argument\u00f3 sobre esta propuesta que tambi\u00e9n hay un motivo de seguridad ya que \u00ablos empleados gastron\u00f3micos deben cruzar la calle para brindar su servicio y en caso de un accidente \u00bfqui\u00e9n se hace cargo? \u00bfel empresario gastron\u00f3mico? \u00bfla municipalidad por haber otorgado el permiso? No sabemos\u00bb. \u00abEntonces tenemos que evitar y cuidar a los trabajadores, adem\u00e1s, de darle un reordenamiento al espacio p\u00fablico\u00bb, agreg\u00f3.<\/p>\n<p>Finalmente, Portugal tambi\u00e9n aclar\u00f3 que esta medida \u00abno es contra de los gastron\u00f3micos ni de los comerciantes. \u00abSolamente es darle un reordenamiento al espacio p\u00fablico y buscar el cumplimiento de ordenanzas que existen previamente al DNU\u00bb, concluy\u00f3.<\/p>\n<h4>Antecedentes de esta medida<\/h4>\n<p>En el a\u00f1o 2020 tras la emergencia de la pandemia, muchos locales gastron\u00f3micos fueron habilitados a instalar mesas y sillas en plazas por una cuesti\u00f3n de distanciamiento social y apertura de lugares. A cinco a\u00f1os de este decreto, el municipio de San Miguel de Tucum\u00e1n fue el primero de derogar el decreto y erradicar el mobiliario de bares y restaurantes de las plazas a principios de este a\u00f1o.<\/p>\n<p>Portugal busca implementar esta medida mediante una ordenanza para recuperar el espacio p\u00fablico en beneficio de los vecinos de la ciudad.<\/p>\n<h4>Estado parlamentario del proyecto<\/h4>\n<p>El proyecto fue presentado a principios de esta semana por mesa de entrada. Actualmente se encuentra en las comisiones pertinentes a la espera de ser tratado en las pr\u00f3ximas semanas.<\/p>\n<p>&nbsp;<\/p>\n<p>&nbsp;<\/p>\n<p>&nbsp;<\/p>\n<p>&nbsp;<\/p>\n","protected":false},"excerpt":{"rendered":"<p>En la ciudad se Concepci\u00f3n se present\u00f3 un proyecto para reordenar el espacio p\u00fablico, el cual busca erradicar las mesas y sillas ubicadas en la v\u00eda p\u00fablica (plazas, parques) por parte del sector gastron\u00f3mico durante la pandemia. El autor de la iniciativa es el concejal Nelson Portugal quien manifiesta la \u00abnecesidad de resguardar y preservar &hellip;<\/p>\n","protected":false},"author":2,"featured_media":9534,"comment_status":"open","ping_status":"open","sticky":false,"template":"","format":"standard","meta":{"footnotes":""},"categories":[34],"tags":[379,2176,2173,490,2175,2174],"class_list":["post-9531","post","type-post","status-publish","format-standard","has-post-thumbnail","hentry","category-locales","tag-concepcion","tag-espacio-publico","tag-mesas-y-sillas","tag-nelson-portugal","tag-proyecto-de-ordenanza","tag-reordenamiento"],"_links":{"self":[{"href":"https:\/\/cafeprensa.com.ar\/index.php\/wp-json\/wp\/v2\/posts\/9531","targetHints":{"allow":["GET"]}}],"collection":[{"href":"https:\/\/cafeprensa.com.ar\/index.php\/wp-json\/wp\/v2\/posts"}],"about":[{"href":"https:\/\/cafeprensa.com.ar\/index.php\/wp-json\/wp\/v2\/types\/post"}],"author":[{"embeddable":true,"href":"https:\/\/cafeprensa.com.ar\/index.php\/wp-json\/wp\/v2\/users\/2"}],"replies":[{"embeddable":true,"href":"https:\/\/cafeprensa.com.ar\/index.php\/wp-json\/wp\/v2\/comments?post=9531"}],"version-history":[{"count":3,"href":"https:\/\/cafeprensa.com.ar\/index.php\/wp-json\/wp\/v2\/posts\/9531\/revisions"}],"predecessor-version":[{"id":9535,"href":"https:\/\/cafeprensa.com.ar\/index.php\/wp-json\/wp\/v2\/posts\/9531\/revisions\/9535"}],"wp:featuredmedia":[{"embeddable":true,"href":"https:\/\/cafeprensa.com.ar\/index.php\/wp-json\/wp\/v2\/media\/9534"}],"wp:attachment":[{"href":"https:\/\/cafeprensa.com.ar\/index.php\/wp-json\/wp\/v2\/media?parent=9531"}],"wp:term":[{"taxonomy":"category","embeddable":true,"href":"https:\/\/cafeprensa.com.ar\/index.php\/wp-json\/wp\/v2\/categories?post=9531"},{"taxonomy":"post_tag","embeddable":true,"href":"https:\/\/cafeprensa.com.ar\/index.php\/wp-json\/wp\/v2\/tags?post=9531"}],"curies":[{"name":"wp","href":"https:\/\/api.w.org\/{rel}","templated":true}]}}