{"id":9544,"date":"2025-07-04T12:32:27","date_gmt":"2025-07-04T10:32:27","guid":{"rendered":"https:\/\/cafeprensa.com.ar\/?p=9544"},"modified":"2025-07-04T12:32:27","modified_gmt":"2025-07-04T10:32:27","slug":"el-desafio-escaba-dejo-una-edicion-cargada-de-ciclismo-naturaleza-y-turismo","status":"publish","type":"post","link":"https:\/\/cafeprensa.com.ar\/index.php\/2025\/07\/04\/el-desafio-escaba-dejo-una-edicion-cargada-de-ciclismo-naturaleza-y-turismo\/","title":{"rendered":"El Desaf\u00edo Escaba dej\u00f3 una edici\u00f3n cargada de ciclismo, naturaleza y turismo"},"content":{"rendered":"<div class=\"row ts-gutter-30 noticia\">\n<div class=\"col-lg-8 nota-left-section\">\n<div id=\"details-news-235510\" class=\"single-post\">\n<div class=\"post-content-area\">\n<div class=\"post-media\">\n<div class=\"post-header-area\">\n<p class=\"sumario\">El ministro de Interior, <strong>Dar\u00edo Monteros<\/strong>, se reuni\u00f3 con el secretario de Estado de Gobierno y Relaciones Institucionales de la Provincia,\u00a0<strong>Ra\u00fal Albarrac\u00edn<\/strong>\u00a0y\u00a0el secretario de Deportes de Tucum\u00e1n,\u00a0<strong>Diego Erroz y\u00a0Marcos D\u00edaz,<\/strong>\u00a0el secretario General del Ente de Turismo,\u00a0\u00a0para<strong>\u00a0<\/strong>evaluar los resultados de la carrera Desaf\u00edo Escaba.<\/p>\n<\/div>\n<\/div>\n<div class=\"articleBody\">\n<p>Monteros destac\u00f3 el \u00e9xito rotundo de la carrera de <strong>Mountain Bike en Escaba<\/strong>, organizada con el apoyo del municipio de Alberdi. <strong>\u00abEste evento es lo que nos pide el gobernador\u00a0Osvaldo Jaldo:\u00a0trabajar de manera interrelacionada entre distintas \u00e1reas del gobierno\u00bb<\/strong>, afirm\u00f3 Montero.<\/p>\n<p><img decoding=\"async\" class=\"img-responsive\" src=\"https:\/\/www.comunicaciontucuman.gob.ar\/fotos\/notas\/2025\/07\/03\/250703120608_94139.jpeg\" \/><\/p>\n<p data-end=\"919\" data-start=\"611\">El ministro resalt\u00f3 la colaboraci\u00f3n de la guardia urbana, personal de tr\u00e1nsito y la polic\u00eda, que fueron clave para el \u00e9xito del evento. <strong>\u00abVer la cantidad de participantes subiendo sus bicicletas y cruzando los cerros hasta llegar a Escaba es un reflejo de lo que podemos hacer cuando trabajamos juntos\u00bb<\/strong>, dijo.<\/p>\n<p data-end=\"919\" data-start=\"611\"><img decoding=\"async\" class=\"img-responsive\" src=\"https:\/\/www.comunicaciontucuman.gob.ar\/fotos\/notas\/2025\/07\/03\/250703120719_98542.jpg\" \/><\/p>\n<p data-end=\"919\" data-start=\"611\">Adem\u00e1s, Monteros destac\u00f3 un pr\u00f3ximo proyecto con la Secretar\u00eda de Deportes y el Ministerio de Educaci\u00f3n, orientado a fomentar el deporte entre los j\u00f3venes y estudiantes. <strong>\u00abEl deporte aleja a los j\u00f3venes de los problemas como las drogas y fomenta h\u00e1bitos saludables\u00bb,<\/strong> concluy\u00f3.<img decoding=\"async\" class=\"img-responsive\" src=\"https:\/\/www.comunicaciontucuman.gob.ar\/fotos\/notas\/2025\/07\/03\/250703111729_17525.jpeg\" \/><\/p>\n<article dir=\"auto\" data-scroll-anchor=\"true\" data-testid=\"conversation-turn-22\">\n<div tabindex=\"-1\">\n<div dir=\"auto\" data-message-author-role=\"assistant\" data-message-id=\"b3a4b152-1a0c-4c9c-96a1-fcba0f2c8c9a\" data-message-model-slug=\"gpt-4o\">\n<p data-end=\"684\" data-start=\"313\"><strong>Ra\u00fal Albarrac\u00edn,<\/strong>\u00a0Secretario de Estado de Gobierno y Relaciones Institucionales, se mostr\u00f3 satisfecho con los resultados del \u00faltimo evento deportivo y las perspectivas para las pr\u00f3ximas semanas<strong>. \u00abHemos tenido un excelente desempe\u00f1o, gracias al trabajo conjunto entre el Ministerio de Interior, el Secretario de Deportes, Tucum\u00e1n, Turismo y otros actores\u00bb, dijo Albarrac\u00edn.<\/strong><\/p>\n<p data-end=\"684\" data-start=\"313\"><img decoding=\"async\" class=\"img-responsive\" src=\"https:\/\/www.comunicaciontucuman.gob.ar\/fotos\/notas\/2025\/07\/03\/250703120744_99195.jpg\" \/><\/p>\n<p data-end=\"1105\" data-start=\"686\">El Secretario destac\u00f3 la participaci\u00f3n de m\u00e1s de 800 bikers en las carreras realizadas en AlberDi y Escaba, eventos que no solo promovieron el deporte, sino que tambi\u00e9n generaron una verdadera <strong>\u00abfiesta del deporte<\/strong>\u00bb con la presencia de familias y equipos. <strong>\u00abEstas actividades permiten a muchas personas involucrarse en el deporte y difundir las bellezas naturales de Tucum\u00e1n, como la espectacular vista de Escaba\u00bb<\/strong>, agreg\u00f3.<\/p>\n<p data-end=\"1266\" data-is-last-node=\"\" data-is-only-node=\"\" data-start=\"1107\">Albarrac\u00edn subray\u00f3 que, como pide el gobernador<strong>\u00a0Osvaldo Jaldo<\/strong>, se contin\u00faa trabajando para generar oportunidades y promover una vida sana a trav\u00e9s del deporte.<\/p>\n<\/div>\n<\/div>\n<\/article>\n<p><img decoding=\"async\" class=\"img-responsive\" src=\"https:\/\/www.comunicaciontucuman.gob.ar\/fotos\/notas\/2025\/07\/03\/250703111553_12658.jpeg\" \/><\/p>\n<p data-end=\"662\" data-start=\"292\">El Secretario de Deportes de Tucum\u00e1n,\u00a0<strong>Diego Erroz,<\/strong>\u00a0se\u00f1al que<strong>\u00a0\u00abquiero recalcar la gratuidad de este evento, que es fundamental para que todos los tucumanos y los vecinos de provincias lim\u00edtrofes tengan la posibilidad de participar y practicar deporte\u00bb.<\/strong><\/p>\n<p data-end=\"940\" data-start=\"664\">Erroz destac\u00f3 que este tipo de eventos no solo promueve la actividad f\u00edsica, sino que tambi\u00e9n favorece el turismo deportivo, lo que genera un impacto positivo en la econom\u00eda regional. <strong>\u00abEl deporte fomenta el movimiento econ\u00f3mico, algo que estamos buscando activamente\u00bb,<\/strong> agreg\u00f3.<\/p>\n<p data-end=\"940\" data-start=\"664\"><img decoding=\"async\" class=\"img-responsive\" src=\"https:\/\/www.comunicaciontucuman.gob.ar\/fotos\/notas\/2025\/07\/03\/250703120803_64990.jpg\" \/><\/p>\n<p data-end=\"1193\" data-is-last-node=\"\" data-is-only-node=\"\" data-start=\"942\">El Secretario finaliz\u00f3 subrayando el compromiso del gobierno provincial con la promoci\u00f3n de las bellezas naturales de Tucum\u00e1n. \u00abComo nos pide nuestro gobernador\u00a0<strong>Osvaldo Jaldo<\/strong>, trabajamos en equipo para mostrar lo mejor de nuestra provincia\u00bb, concluy\u00f3.<\/p>\n<p data-end=\"1193\" data-is-last-node=\"\" data-is-only-node=\"\" data-start=\"942\"><img decoding=\"async\" class=\"img-responsive\" src=\"https:\/\/www.comunicaciontucuman.gob.ar\/fotos\/notas\/2025\/07\/03\/250703111626_47346.jpeg\" \/><\/p>\n<p><strong>Marcos D\u00edaz,\u00a0<\/strong>el secretario General del Ente de Turismo, calific\u00f3 de<strong> \u00ababsoluto \u00e9xito\u00bb<\/strong> el segundo desaf\u00edo de Mountain Bike en Escaba, destacando la creciente importancia de Tucum\u00e1n en el \u00e1mbito deportivo.<strong> \u00abTucum\u00e1n es una marca en Mountain Bike, con competencias como el Trasmonta\u00f1a y la Batalla, que se realizan en diversas localidades de la provincia\u00bb<\/strong>, afirm\u00f3 D\u00edaz.<\/p>\n<p>El recorrido, que comenz\u00f3 en la Municipalidad de Alberdi y pas\u00f3 por el Y\u00e1nima, el Corralito y culmin\u00f3 en Escaba, fue un ejemplo del trabajo conjunto entre las autoridades locales y provinciales, como pide el gobernador<strong>\u00a0Osvaldo Jaldo\u00a0<\/strong>y el Ministro de Interior.<\/p>\n<p>D\u00edaz resalt\u00f3 que estas competencias no solo movilizan a los tucumanos, sino que tambi\u00e9n atraen a visitantes de otras provincias, generando un impacto positivo en la econom\u00eda local.<strong> \u00abEl turismo es trabajo\u00bb,<\/strong> concluy\u00f3.<\/p>\n<\/div>\n<\/div>\n<\/div>\n<\/div>\n<\/div>\n","protected":false},"excerpt":{"rendered":"<p>El ministro de Interior, Dar\u00edo Monteros, se reuni\u00f3 con el secretario de Estado de Gobierno y Relaciones Institucionales de la Provincia,\u00a0Ra\u00fal Albarrac\u00edn\u00a0y\u00a0el secretario de Deportes de Tucum\u00e1n,\u00a0Diego Erroz y\u00a0Marcos D\u00edaz,\u00a0el secretario General del Ente de Turismo,\u00a0\u00a0para\u00a0evaluar los resultados de la carrera Desaf\u00edo Escaba. Monteros destac\u00f3 el \u00e9xito rotundo de la carrera de Mountain Bike en &hellip;<\/p>\n","protected":false},"author":2,"featured_media":9545,"comment_status":"open","ping_status":"open","sticky":false,"template":"","format":"standard","meta":{"footnotes":""},"categories":[29,34],"tags":[2177],"class_list":["post-9544","post","type-post","status-publish","format-standard","has-post-thumbnail","hentry","category-deportes","category-locales","tag-mountain-bike-en-escaba"],"_links":{"self":[{"href":"https:\/\/cafeprensa.com.ar\/index.php\/wp-json\/wp\/v2\/posts\/9544","targetHints":{"allow":["GET"]}}],"collection":[{"href":"https:\/\/cafeprensa.com.ar\/index.php\/wp-json\/wp\/v2\/posts"}],"about":[{"href":"https:\/\/cafeprensa.com.ar\/index.php\/wp-json\/wp\/v2\/types\/post"}],"author":[{"embeddable":true,"href":"https:\/\/cafeprensa.com.ar\/index.php\/wp-json\/wp\/v2\/users\/2"}],"replies":[{"embeddable":true,"href":"https:\/\/cafeprensa.com.ar\/index.php\/wp-json\/wp\/v2\/comments?post=9544"}],"version-history":[{"count":2,"href":"https:\/\/cafeprensa.com.ar\/index.php\/wp-json\/wp\/v2\/posts\/9544\/revisions"}],"predecessor-version":[{"id":9547,"href":"https:\/\/cafeprensa.com.ar\/index.php\/wp-json\/wp\/v2\/posts\/9544\/revisions\/9547"}],"wp:featuredmedia":[{"embeddable":true,"href":"https:\/\/cafeprensa.com.ar\/index.php\/wp-json\/wp\/v2\/media\/9545"}],"wp:attachment":[{"href":"https:\/\/cafeprensa.com.ar\/index.php\/wp-json\/wp\/v2\/media?parent=9544"}],"wp:term":[{"taxonomy":"category","embeddable":true,"href":"https:\/\/cafeprensa.com.ar\/index.php\/wp-json\/wp\/v2\/categories?post=9544"},{"taxonomy":"post_tag","embeddable":true,"href":"https:\/\/cafeprensa.com.ar\/index.php\/wp-json\/wp\/v2\/tags?post=9544"}],"curies":[{"name":"wp","href":"https:\/\/api.w.org\/{rel}","templated":true}]}}