{"id":9548,"date":"2025-07-04T12:45:30","date_gmt":"2025-07-04T10:45:30","guid":{"rendered":"https:\/\/cafeprensa.com.ar\/?p=9548"},"modified":"2025-07-04T12:45:30","modified_gmt":"2025-07-04T10:45:30","slug":"el-pulga-rodriguez-es-la-cuarta-incorporacion-al-plantel-de-colon","status":"publish","type":"post","link":"https:\/\/cafeprensa.com.ar\/index.php\/2025\/07\/04\/el-pulga-rodriguez-es-la-cuarta-incorporacion-al-plantel-de-colon\/","title":{"rendered":"El Pulga Rodr\u00edguez es la cuarta incorporaci\u00f3n al plantel de Col\u00f3n"},"content":{"rendered":"<div class=\"styles_section-container-title__xC1_B\">\n<div class=\"orig-container\">\n<p>El jugador tiene arreglada su desvinculaci\u00f3n de Atl\u00e9tico Tucum\u00e1n, se despidi\u00f3 de sus compa\u00f1eros y viaja a Santa Fe con todo solucionado para volver a la instituci\u00f3n. Ocupar\u00e1 el lugar que dej\u00f3 Forneris.<\/p>\n<\/div>\n<\/div>\n<div class=\"styles_container-article-image__t9coI\">\n<div class=\"custom-related-container styles_article-image-epi__Lmp5j\"><img decoding=\"async\" class=\"custom-related-image\" src=\"https:\/\/www.ellitoral.com\/images\/2022\/10\/18\/AwjN7Af1w_1300x655__3.jpg#1751581139047\" srcset=\"\" width=\"100%\" \/><\/div>\n<\/div>\n<div class=\"styles_grid-container__5yxo2\">\n<div class=\"styles_detail-left__nkz8f\">\n<div id=\"cuerpo-de-nota\" class=\"styles_dynamic-content__mtXo5\">\n<div class=\"custom-text text-content styles_paragraph-detail__ihDsk styles_lila-links__X7FER styles_note-styles__5TKFd\">\n<p>Esta chance se hab\u00eda desactivado moment\u00e1neamente cuando luego del partido que jugaron<strong>\u00a0<a title=\"Col\u00f3n\" href=\"https:\/\/www.ellitoral.com\/temas\/colon\" target=\"_self\">Col\u00f3n<\/a><\/strong>\u00a0y Nueva Chicago en Mataderos, el t\u00e9cnico\u00a0<strong>Andr\u00e9s Yllana<\/strong>\u00a0dijo que esperaba la incorporaci\u00f3n de Alan Sosa, el volante de Gimnasia que finalmente no lleg\u00f3. Y ahora se reactiv\u00f3 aquella informaci\u00f3n, que no es otra cosa que el arreglo para que<strong>\u00a0<a title=\"Luis Miguel Rodr\u00edguez\" href=\"https:\/\/www.ellitoral.com\/tags\/luis-pulga-rodriguez\" target=\"_self\">Luis Miguel Rodr\u00edguez<\/a><\/strong>\u00a0llegue a Santa Fe nuevamente para ponerse la camiseta de Col\u00f3n.<\/p>\n<p><img loading=\"lazy\" decoding=\"async\" class=\"alignnone wp-image-9549 size-full\" src=\"https:\/\/cafeprensa.com.ar\/wp-content\/uploads\/2025\/07\/1010x567_luis-pulga-rodriguez-384326-115951.jpg\" alt=\"\" width=\"1010\" height=\"567\" srcset=\"https:\/\/cafeprensa.com.ar\/wp-content\/uploads\/2025\/07\/1010x567_luis-pulga-rodriguez-384326-115951.jpg 1010w, https:\/\/cafeprensa.com.ar\/wp-content\/uploads\/2025\/07\/1010x567_luis-pulga-rodriguez-384326-115951-300x168.jpg 300w, https:\/\/cafeprensa.com.ar\/wp-content\/uploads\/2025\/07\/1010x567_luis-pulga-rodriguez-384326-115951-768x431.jpg 768w, https:\/\/cafeprensa.com.ar\/wp-content\/uploads\/2025\/07\/1010x567_luis-pulga-rodriguez-384326-115951-390x220.jpg 390w\" sizes=\"auto, (max-width: 1010px) 100vw, 1010px\" \/><\/p>\n<\/div>\n<div class=\"custom-text text-content styles_paragraph-detail__ihDsk styles_lila-links__X7FER styles_note-styles__5TKFd\">\n<p><strong>El futbolista solucion\u00f3 los t\u00e9rminos de su desvinculaci\u00f3n de\u00a0Atl\u00e9tico Tucum\u00e1n\u00a0y dio el visto bueno para que se negocie su retorno a Col\u00f3n<\/strong>.<\/p>\n<\/div>\n<div class=\"styles_img-container__a4cGN\">\n<div class=\"styles_article-image-epi__GSkzE\"><picture><img loading=\"lazy\" decoding=\"async\" class=\"styles_cover-image__pRCD1\" src=\"https:\/\/www.ellitoral.com\/images\/2025\/07\/03\/VQxAJ8f4K_870x580__1.jpg\" alt=\"colon\" width=\"870\" height=\"580\" \/><\/picture><span class=\"styles_epigraphe__4c7ki\">Al mismo momento que se anunci\u00f3 la vuelta del Pulga Rodr\u00edguez, la dirigencia de Col\u00f3n comunic\u00f3 que ech\u00f3 al DT Andr\u00e9s Yllana.<\/span><\/div>\n<\/div>\n<div class=\"custom-text text-content styles_paragraph-detail__ihDsk styles_lila-links__X7FER styles_note-styles__5TKFd\">\n<p>Todav\u00eda el club tiene la posibilidad de sumar un jugador que reemplace la salida de Alan Forneris, que ya es jugador de\u00a0<strong><a title=\"Racing\" href=\"https:\/\/www.ellitoral.com\/index.php\/temas\/Racing\" target=\"_self\">Racing<\/a><\/strong>\u00a0desde la semana pasada. Y ese jugador es el Pulga Rodr\u00edguez.<\/p>\n<\/div>\n<div class=\"custom-text text-content styles_paragraph-detail__ihDsk styles_lila-links__X7FER styles_note-styles__5TKFd\">\n<p>El representante del jugador fue quien le comunic\u00f3 al presidente\u00a0<a title=\"Godano\" href=\"https:\/\/www.ellitoral.com\/tags\/victor-godano\" target=\"_self\">Godano<\/a>\u00a0la factibilidad del regreso del jugador que fue gran figura durante el tiempo que dur\u00f3 su permanencia en el club, siendo uno de los integrantes del equipo campe\u00f3n de la<strong>\u00a0Copa de la Liga Profesional<\/strong>\u00a0en 2021.<\/p>\n<\/div>\n<div class=\"styles_img-container__a4cGN\">\n<div class=\"styles_article-image-epi__GSkzE\"><picture><img loading=\"lazy\" decoding=\"async\" class=\"styles_cover-image__pRCD1\" src=\"https:\/\/www.ellitoral.com\/images\/2022\/08\/02\/c40jbz_ci_870x580__1.jpg\" alt=\"pulga rodriguez colon\" width=\"870\" height=\"580\" \/><\/picture><\/div>\n<\/div>\n<div class=\"custom-text text-content styles_paragraph-detail__ihDsk styles_lila-links__X7FER styles_note-styles__5TKFd\">\n<p>En varias ocasiones se habl\u00f3 de la vuelta del Pulga, pero siempre se la desestim\u00f3. La \u00faltima vez que se mencion\u00f3 el tema, fue cuando Moreno y Fabianesi, el ex director deportivo, dijo que\u00a0<strong>\u201cya lo tenemos a Gigliotti\u201d<\/strong>, en una declaraci\u00f3n que no se entendi\u00f3 demasiado porque se trata de dos jugadores que, si bien ambos ocupan un lugar de ataque, son totalmente diferentes en cuanto al estilo. Salvo que Moreno y Fabianesi se haya referido a una cuesti\u00f3n de edad.<img loading=\"lazy\" decoding=\"async\" class=\"alignnone wp-image-9550 size-large\" src=\"https:\/\/cafeprensa.com.ar\/wp-content\/uploads\/2025\/07\/luis-rodriguez-colon_862x485jpg-1024x576.webp\" alt=\"\" width=\"1024\" height=\"576\" srcset=\"https:\/\/cafeprensa.com.ar\/wp-content\/uploads\/2025\/07\/luis-rodriguez-colon_862x485jpg-1024x576.webp 1024w, https:\/\/cafeprensa.com.ar\/wp-content\/uploads\/2025\/07\/luis-rodriguez-colon_862x485jpg-300x169.webp 300w, https:\/\/cafeprensa.com.ar\/wp-content\/uploads\/2025\/07\/luis-rodriguez-colon_862x485jpg-768x432.webp 768w, https:\/\/cafeprensa.com.ar\/wp-content\/uploads\/2025\/07\/luis-rodriguez-colon_862x485jpg-390x220.webp 390w, https:\/\/cafeprensa.com.ar\/wp-content\/uploads\/2025\/07\/luis-rodriguez-colon_862x485jpg.webp 1200w\" sizes=\"auto, (max-width: 1024px) 100vw, 1024px\" \/><\/p>\n<p><strong>En este momento de crisis y descreimiento generalizado, la llegada del Pulga Rodr\u00edguez ser\u00eda una inyecci\u00f3n de optimismo y expectativa para la castigada parcialidad sabalera. Incluso, ayudar\u00eda tambi\u00e9n a que se reactive la venta de palcos y plateas semestral, que ha ca\u00eddo producto de la campa\u00f1a, como as\u00ed tambi\u00e9n la cantidad de socios, tal como lo expres\u00f3 el propio presidente Godano.<\/strong><\/p>\n<\/div>\n<\/div>\n<\/div>\n<\/div>\n","protected":false},"excerpt":{"rendered":"<p>El jugador tiene arreglada su desvinculaci\u00f3n de Atl\u00e9tico Tucum\u00e1n, se despidi\u00f3 de sus compa\u00f1eros y viaja a Santa Fe con todo solucionado para volver a la instituci\u00f3n. Ocupar\u00e1 el lugar que dej\u00f3 Forneris. Esta chance se hab\u00eda desactivado moment\u00e1neamente cuando luego del partido que jugaron\u00a0Col\u00f3n\u00a0y Nueva Chicago en Mataderos, el t\u00e9cnico\u00a0Andr\u00e9s Yllana\u00a0dijo que esperaba la &hellip;<\/p>\n","protected":false},"author":2,"featured_media":9551,"comment_status":"open","ping_status":"open","sticky":false,"template":"","format":"standard","meta":{"footnotes":""},"categories":[294,34],"tags":[2179,2178],"class_list":["post-9548","post","type-post","status-publish","format-standard","has-post-thumbnail","hentry","category-futbol","category-locales","tag-colon","tag-pulga-rodriguez"],"_links":{"self":[{"href":"https:\/\/cafeprensa.com.ar\/index.php\/wp-json\/wp\/v2\/posts\/9548","targetHints":{"allow":["GET"]}}],"collection":[{"href":"https:\/\/cafeprensa.com.ar\/index.php\/wp-json\/wp\/v2\/posts"}],"about":[{"href":"https:\/\/cafeprensa.com.ar\/index.php\/wp-json\/wp\/v2\/types\/post"}],"author":[{"embeddable":true,"href":"https:\/\/cafeprensa.com.ar\/index.php\/wp-json\/wp\/v2\/users\/2"}],"replies":[{"embeddable":true,"href":"https:\/\/cafeprensa.com.ar\/index.php\/wp-json\/wp\/v2\/comments?post=9548"}],"version-history":[{"count":1,"href":"https:\/\/cafeprensa.com.ar\/index.php\/wp-json\/wp\/v2\/posts\/9548\/revisions"}],"predecessor-version":[{"id":9552,"href":"https:\/\/cafeprensa.com.ar\/index.php\/wp-json\/wp\/v2\/posts\/9548\/revisions\/9552"}],"wp:featuredmedia":[{"embeddable":true,"href":"https:\/\/cafeprensa.com.ar\/index.php\/wp-json\/wp\/v2\/media\/9551"}],"wp:attachment":[{"href":"https:\/\/cafeprensa.com.ar\/index.php\/wp-json\/wp\/v2\/media?parent=9548"}],"wp:term":[{"taxonomy":"category","embeddable":true,"href":"https:\/\/cafeprensa.com.ar\/index.php\/wp-json\/wp\/v2\/categories?post=9548"},{"taxonomy":"post_tag","embeddable":true,"href":"https:\/\/cafeprensa.com.ar\/index.php\/wp-json\/wp\/v2\/tags?post=9548"}],"curies":[{"name":"wp","href":"https:\/\/api.w.org\/{rel}","templated":true}]}}