{"id":9613,"date":"2025-07-08T12:53:10","date_gmt":"2025-07-08T10:53:10","guid":{"rendered":"https:\/\/cafeprensa.com.ar\/?p=9613"},"modified":"2025-07-08T12:53:10","modified_gmt":"2025-07-08T10:53:10","slug":"hay-90-de-chances-de-que-fuerza-republicana-vaya-sola-en-octubre","status":"publish","type":"post","link":"https:\/\/cafeprensa.com.ar\/index.php\/2025\/07\/08\/hay-90-de-chances-de-que-fuerza-republicana-vaya-sola-en-octubre\/","title":{"rendered":"\u201cHay 90% de chances de que Fuerza Republicana vaya sola en octubre\u201d"},"content":{"rendered":"<div class=\"tituloVerNoticia\">El l\u00edder de Fuerza Republicana apunt\u00f3 contra el entorno de Javier Milei y confirm\u00f3 su posible candidatura como diputado nacional. Critic\u00f3 duramente a Lisandro Catal\u00e1n y defendi\u00f3 a las comunas rurales de Tucum\u00e1n.<\/div>\n<div class=\"cuerpoVerNoticia\">El presidente de FR\u00a0<strong>Ricardo Bussi<\/strong>, en di\u00e1logo con periodista Miguel Coronel afirm\u00f3: <strong>\u00abHay m\u00e1s de un 90% de posibilidades que la Fuerza Republicana, vaya sola en las elecciones de octubre y que yo encabece la lista de Diputados Nacionales. Eso lo vamos a definir y anunciar en los pr\u00f3ximos d\u00edas.\u00bb.<\/strong><\/div>\n<div class=\"cuerpoVerNoticia\"><img loading=\"lazy\" decoding=\"async\" class=\"alignnone wp-image-9616 size-full\" src=\"https:\/\/cafeprensa.com.ar\/wp-content\/uploads\/2025\/07\/la-performance-tucumana-fue-la-peor-para-un-N7SZYIKQVZA37OR44LLPZXF5NM.jpeg\" alt=\"\" width=\"420\" height=\"280\" srcset=\"https:\/\/cafeprensa.com.ar\/wp-content\/uploads\/2025\/07\/la-performance-tucumana-fue-la-peor-para-un-N7SZYIKQVZA37OR44LLPZXF5NM.jpeg 420w, https:\/\/cafeprensa.com.ar\/wp-content\/uploads\/2025\/07\/la-performance-tucumana-fue-la-peor-para-un-N7SZYIKQVZA37OR44LLPZXF5NM-300x200.jpeg 300w\" sizes=\"auto, (max-width: 420px) 100vw, 420px\" \/><br \/>\nEl actual legislador provincial tambi\u00e9n asegur\u00f3: \u00abNosotros estamos realmente muy enojados y desilusionados no con el presidente\u00a0<strong>Javier Milei<\/strong>, quien es un amigo de m\u00e1s de treinta a\u00f1os y a quien lo conozco cuando trabajaba con mi padre. Si lo estamos con su entorno, quienes se encargaron de apartarnos y de destruir nuestros contactos y uno de ellos es el vicejefe de Gabinete del Interior\u00a0<strong>Lisandro Catal\u00e1n<\/strong>\u00ab.<\/div>\n<div class=\"cuerpoVerNoticia\"><img loading=\"lazy\" decoding=\"async\" class=\"alignnone wp-image-9618 size-large\" src=\"https:\/\/cafeprensa.com.ar\/wp-content\/uploads\/2025\/07\/M62O6D7LBRHJHEPT2Q5AQZTJEM-1024x683.avif\" alt=\"\" width=\"1024\" height=\"683\" srcset=\"https:\/\/cafeprensa.com.ar\/wp-content\/uploads\/2025\/07\/M62O6D7LBRHJHEPT2Q5AQZTJEM-1024x683.avif 1024w, https:\/\/cafeprensa.com.ar\/wp-content\/uploads\/2025\/07\/M62O6D7LBRHJHEPT2Q5AQZTJEM-300x200.avif 300w, https:\/\/cafeprensa.com.ar\/wp-content\/uploads\/2025\/07\/M62O6D7LBRHJHEPT2Q5AQZTJEM-768x512.avif 768w, https:\/\/cafeprensa.com.ar\/wp-content\/uploads\/2025\/07\/M62O6D7LBRHJHEPT2Q5AQZTJEM-1536x1024.avif 1536w, https:\/\/cafeprensa.com.ar\/wp-content\/uploads\/2025\/07\/M62O6D7LBRHJHEPT2Q5AQZTJEM-2048x1365.avif 2048w\" sizes=\"auto, (max-width: 1024px) 100vw, 1024px\" \/><br \/>\nEn otra parte del reportaje Bussi remarc\u00f3: <strong>\u00abCatal\u00e1n vive en Buenos Aires, dice que es tucumano, viene cada quince d\u00edas, para hacer campa\u00f1a y arm\u00f3 La Libertad Avanza con sus primos y amigos. Dice que est\u00e1 en contra de la casta, pero yo le recuerdo que el fue parte de los gobiernos de\u00a0Daniel Scioli,\u00a0Cristina Kirchner\u00a0y\u00a0Alberto Fern\u00e1ndez\u00bb.<\/strong><br \/>\nPor \u00faltimo expres\u00f3: \u00abC\u00f3mo se nota que no conoce\u00a0<strong>Tucum\u00e1n<\/strong>, que anunci\u00f3 que quiere eliminar las comunas rurales,<strong> eso es un gran estupidez<\/strong>. Es faltarle el respeto al interior de la provincia\u00bb.<\/div>\n","protected":false},"excerpt":{"rendered":"<p>El l\u00edder de Fuerza Republicana apunt\u00f3 contra el entorno de Javier Milei y confirm\u00f3 su posible candidatura como diputado nacional. Critic\u00f3 duramente a Lisandro Catal\u00e1n y defendi\u00f3 a las comunas rurales de Tucum\u00e1n. El presidente de FR\u00a0Ricardo Bussi, en di\u00e1logo con periodista Miguel Coronel afirm\u00f3: \u00abHay m\u00e1s de un 90% de posibilidades que la Fuerza &hellip;<\/p>\n","protected":false},"author":2,"featured_media":9614,"comment_status":"open","ping_status":"open","sticky":false,"template":"","format":"standard","meta":{"footnotes":""},"categories":[34,25],"tags":[140,1804,1198],"class_list":["post-9613","post","type-post","status-publish","format-standard","has-post-thumbnail","hentry","category-locales","category-politica","tag-bussi","tag-catalan","tag-lisandro-catalan"],"_links":{"self":[{"href":"https:\/\/cafeprensa.com.ar\/index.php\/wp-json\/wp\/v2\/posts\/9613","targetHints":{"allow":["GET"]}}],"collection":[{"href":"https:\/\/cafeprensa.com.ar\/index.php\/wp-json\/wp\/v2\/posts"}],"about":[{"href":"https:\/\/cafeprensa.com.ar\/index.php\/wp-json\/wp\/v2\/types\/post"}],"author":[{"embeddable":true,"href":"https:\/\/cafeprensa.com.ar\/index.php\/wp-json\/wp\/v2\/users\/2"}],"replies":[{"embeddable":true,"href":"https:\/\/cafeprensa.com.ar\/index.php\/wp-json\/wp\/v2\/comments?post=9613"}],"version-history":[{"count":1,"href":"https:\/\/cafeprensa.com.ar\/index.php\/wp-json\/wp\/v2\/posts\/9613\/revisions"}],"predecessor-version":[{"id":9619,"href":"https:\/\/cafeprensa.com.ar\/index.php\/wp-json\/wp\/v2\/posts\/9613\/revisions\/9619"}],"wp:featuredmedia":[{"embeddable":true,"href":"https:\/\/cafeprensa.com.ar\/index.php\/wp-json\/wp\/v2\/media\/9614"}],"wp:attachment":[{"href":"https:\/\/cafeprensa.com.ar\/index.php\/wp-json\/wp\/v2\/media?parent=9613"}],"wp:term":[{"taxonomy":"category","embeddable":true,"href":"https:\/\/cafeprensa.com.ar\/index.php\/wp-json\/wp\/v2\/categories?post=9613"},{"taxonomy":"post_tag","embeddable":true,"href":"https:\/\/cafeprensa.com.ar\/index.php\/wp-json\/wp\/v2\/tags?post=9613"}],"curies":[{"name":"wp","href":"https:\/\/api.w.org\/{rel}","templated":true}]}}