{"id":9638,"date":"2025-07-09T16:31:39","date_gmt":"2025-07-09T14:31:39","guid":{"rendered":"https:\/\/cafeprensa.com.ar\/?p=9638"},"modified":"2025-07-09T16:31:39","modified_gmt":"2025-07-09T14:31:39","slug":"el-dia-mas-importante-para-los-tucumanos-milei-lo-dejo-solo-a-jaldo","status":"publish","type":"post","link":"https:\/\/cafeprensa.com.ar\/index.php\/2025\/07\/09\/el-dia-mas-importante-para-los-tucumanos-milei-lo-dejo-solo-a-jaldo\/","title":{"rendered":"El d\u00eca m\u00e0s importante para los tucumanos, Milei lo dejo solo a Jaldo"},"content":{"rendered":"<div class=\"np-article-thumb\">Milei cancel\u00f3 su visita a Tucum\u00e1n: la niebla y el trasfondo pol\u00edtico<\/div>\n<div class=\"entry-content\">\n<p>El presidente Javier Milei suspendi\u00f3 a \u00faltimo momento su viaje a Tucum\u00e1n por <strong>\u201ccondiciones clim\u00e1ticas adversas\u201d.<\/strong> La densa niebla <strong>en Buenos Aires y el norte del pa\u00eds complic\u00f3 los vuelos oficiales<\/strong>. Sin embargo, la explicaci\u00f3n meteorol\u00f3gica llega en un contexto pol\u00edtico sensible: <strong>la mayor\u00eda de los gobernadores hab\u00eda decidido no asistir al acto patrio, marcando un fuerte vac\u00edo federal.<\/strong><\/p>\n<p>De los<strong> 18 mandatarios que firmaron el Pacto de Mayo en 2024, solo el anfitri\u00f3n Osvaldo Jaldo y Ra\u00fal Jalil (Catamarca) hab\u00edan confirmado presencia.<\/strong> El Gobierno hab\u00eda evitado gestos de convocatoria activa, y muchos gobernadores reclaman por fondos recortados y falta de di\u00e1logo.<\/p>\n<p><strong>As\u00ed, la niebla sirvi\u00f3 tambi\u00e9n para esquivar una foto inc\u00f3moda: la de un presidente en soledad institucional,<\/strong> en una de las fechas m\u00e1s simb\u00f3licas del calendario naciona<\/p>\n<\/div>\n","protected":false},"excerpt":{"rendered":"<p>Milei cancel\u00f3 su visita a Tucum\u00e1n: la niebla y el trasfondo pol\u00edtico El presidente Javier Milei suspendi\u00f3 a \u00faltimo momento su viaje a Tucum\u00e1n por \u201ccondiciones clim\u00e1ticas adversas\u201d. La densa niebla en Buenos Aires y el norte del pa\u00eds complic\u00f3 los vuelos oficiales. Sin embargo, la explicaci\u00f3n meteorol\u00f3gica llega en un contexto pol\u00edtico sensible: la &hellip;<\/p>\n","protected":false},"author":2,"featured_media":9642,"comment_status":"open","ping_status":"open","sticky":false,"template":"","format":"standard","meta":{"footnotes":""},"categories":[54,34],"tags":[816,976,94,41],"class_list":["post-9638","post","type-post","status-publish","format-standard","has-post-thumbnail","hentry","category-interes-ganeral","category-locales","tag-9-de-julio","tag-elecciones","tag-jaldo","tag-milei"],"_links":{"self":[{"href":"https:\/\/cafeprensa.com.ar\/index.php\/wp-json\/wp\/v2\/posts\/9638","targetHints":{"allow":["GET"]}}],"collection":[{"href":"https:\/\/cafeprensa.com.ar\/index.php\/wp-json\/wp\/v2\/posts"}],"about":[{"href":"https:\/\/cafeprensa.com.ar\/index.php\/wp-json\/wp\/v2\/types\/post"}],"author":[{"embeddable":true,"href":"https:\/\/cafeprensa.com.ar\/index.php\/wp-json\/wp\/v2\/users\/2"}],"replies":[{"embeddable":true,"href":"https:\/\/cafeprensa.com.ar\/index.php\/wp-json\/wp\/v2\/comments?post=9638"}],"version-history":[{"count":1,"href":"https:\/\/cafeprensa.com.ar\/index.php\/wp-json\/wp\/v2\/posts\/9638\/revisions"}],"predecessor-version":[{"id":9643,"href":"https:\/\/cafeprensa.com.ar\/index.php\/wp-json\/wp\/v2\/posts\/9638\/revisions\/9643"}],"wp:featuredmedia":[{"embeddable":true,"href":"https:\/\/cafeprensa.com.ar\/index.php\/wp-json\/wp\/v2\/media\/9642"}],"wp:attachment":[{"href":"https:\/\/cafeprensa.com.ar\/index.php\/wp-json\/wp\/v2\/media?parent=9638"}],"wp:term":[{"taxonomy":"category","embeddable":true,"href":"https:\/\/cafeprensa.com.ar\/index.php\/wp-json\/wp\/v2\/categories?post=9638"},{"taxonomy":"post_tag","embeddable":true,"href":"https:\/\/cafeprensa.com.ar\/index.php\/wp-json\/wp\/v2\/tags?post=9638"}],"curies":[{"name":"wp","href":"https:\/\/api.w.org\/{rel}","templated":true}]}}