{"id":9655,"date":"2025-07-09T17:11:36","date_gmt":"2025-07-09T15:11:36","guid":{"rendered":"https:\/\/cafeprensa.com.ar\/?p=9655"},"modified":"2025-07-09T17:14:12","modified_gmt":"2025-07-09T15:14:12","slug":"carrefour-supermercados-mas-grande-del-pais-se-va-del-pais","status":"publish","type":"post","link":"https:\/\/cafeprensa.com.ar\/index.php\/2025\/07\/09\/carrefour-supermercados-mas-grande-del-pais-se-va-del-pais\/","title":{"rendered":"Carrefour el supermercado m\u00e1s grande del pa\u00eds se va de Argentina"},"content":{"rendered":"<header class=\"article-top\">\n<p class=\"title full padding-lr fsize-xl\">Empresarios argentinos, detr\u00e1s del negocio de la cadena de supermercados m\u00e1s grande del pa\u00eds. El grupo franc\u00e9s inici\u00f3 un proceso de an\u00e1lisis para vender sus operaciones locales y ya son varios los interesados en estudiar la propuesta.<\/p>\n<div class=\"image-container img-wide padding-b\"><picture><source class=\"\" srcset=\"https:\/\/resizer.iproimg.com\/unsafe\/360x\/filters:format(webp):quality(85):max_bytes(102400)\/https:\/\/assets.iprofesional.com\/assets\/jpg\/2025\/01\/589935.jpg\" media=\"(max-width:360px)\" data-srcset=\"https:\/\/resizer.iproimg.com\/unsafe\/360x\/filters:format(webp):quality(85):max_bytes(102400)\/https:\/\/assets.iprofesional.com\/assets\/jpg\/2025\/01\/589935.jpg\" \/><source class=\"\" srcset=\"https:\/\/resizer.iproimg.com\/unsafe\/360x\/filters:format(webp):quality(85):max_bytes(102400)\/https:\/\/assets.iprofesional.com\/assets\/jpg\/2025\/01\/589935.jpg\" media=\"(max-width:430px)\" data-srcset=\"https:\/\/resizer.iproimg.com\/unsafe\/360x\/filters:format(webp):quality(85):max_bytes(102400)\/https:\/\/assets.iprofesional.com\/assets\/jpg\/2025\/01\/589935.jpg\" \/><source class=\"\" srcset=\"https:\/\/resizer.iproimg.com\/unsafe\/640x\/filters:format(webp):quality(85):max_bytes(102400)\/https:\/\/assets.iprofesional.com\/assets\/jpg\/2025\/01\/589935.jpg\" media=\"(max-width:956px)\" data-srcset=\"https:\/\/resizer.iproimg.com\/unsafe\/640x\/filters:format(webp):quality(85):max_bytes(102400)\/https:\/\/assets.iprofesional.com\/assets\/jpg\/2025\/01\/589935.jpg\" \/><img decoding=\"async\" class=\"\" src=\"https:\/\/resizer.iproimg.com\/unsafe\/1280x\/filters:format(webp):quality(85):max_bytes(102400)\/https:\/\/assets.iprofesional.com\/assets\/jpg\/2025\/01\/589935.jpg\" alt=\"Empresarios argentinos, detr\u00e1s del negocio de la cadena de supermercados m\u00e1s grande del pa\u00eds\" width=\"1280px\" height=\"720px\" data-src=\"https:\/\/resizer.iproimg.com\/unsafe\/1280x\/filters:format(webp):quality(85):max_bytes(102400)\/https:\/\/assets.iprofesional.com\/assets\/jpg\/2025\/01\/589935.jpg\" \/><\/picture><\/div>\n<\/header>\n<div class=\"article-content full padding-lr\">\n<p data-mrf-recirculation=\"Links art\u00edculo\">Siguiendo el camino de Walmart, que en el 2020 decidi\u00f3 salir de la Argentina y termin\u00f3 vendiendo sus operaciones a\u00a0<strong>Francisco De Narv\u00e1ez<\/strong>, su rival\u00a0<strong><a title=\"Carrefour\" href=\"https:\/\/www.iprofesional.com\/legales\/431054-multaron-supermercado-carrefour-por-vender-productos-vencidos-cuanto-debera-pagar\" target=\"_blank\" rel=\"noopener noreferrer\" data-mrf-link=\"https:\/\/www.iprofesional.com\/legales\/431054-multaron-supermercado-carrefour-por-vender-productos-vencidos-cuanto-debera-pagar\">Carrefour<\/a> tambi\u00e9n le puso cartel de venta a sus operaciones locales. <\/strong>No se trata de una salida intempestiva o producto solamente de la situaci\u00f3n de fuerte ca\u00edda del consumo que atraviesa el sector de las grandes cadenas de retail, sino forzada por un cambio de estrategia mundial definido por la casa matriz del grupo franc\u00e9s.<\/p>\n<p data-mrf-recirculation=\"Links art\u00edculo\">El holding busca sostener sus negocios en mercados que considera estrat\u00e9gicos y en los que no necesita destinar millonarios fondos para apalancar sus operaciones, como es el caso de la Argentina que desde hace ya varios a\u00f1os ha dejado de ser un pa\u00eds atractivo para las multinacionales.<img loading=\"lazy\" decoding=\"async\" class=\"alignnone wp-image-9658 size-full\" src=\"https:\/\/cafeprensa.com.ar\/wp-content\/uploads\/2025\/07\/multimedia.normal.a663acad1cf14973.bm9ybWFsLndlYnA.webp\" alt=\"\" width=\"1000\" height=\"667\" srcset=\"https:\/\/cafeprensa.com.ar\/wp-content\/uploads\/2025\/07\/multimedia.normal.a663acad1cf14973.bm9ybWFsLndlYnA.webp 1000w, https:\/\/cafeprensa.com.ar\/wp-content\/uploads\/2025\/07\/multimedia.normal.a663acad1cf14973.bm9ybWFsLndlYnA-300x200.webp 300w, https:\/\/cafeprensa.com.ar\/wp-content\/uploads\/2025\/07\/multimedia.normal.a663acad1cf14973.bm9ybWFsLndlYnA-768x512.webp 768w\" sizes=\"auto, (max-width: 1000px) 100vw, 1000px\" \/><\/p>\n<p data-mrf-recirculation=\"Links art\u00edculo\">Los recientes casos de Walmart; Procter &amp; Gamble y Telef\u00f3nica, entre otros, lo demuestran y\u00a0<strong>trazan la ruta que vienen eligiendo los grandes grupos<\/strong>, a pesar de que en otros a\u00f1os debieron atravesar situaciones similares y de que desde el 2024 la Argentina tiene un gobierno pro mercado y af\u00edn a facilitarle la vida a los capitales internacionales. Sin embargo, la visi\u00f3n de estos conglomerados internacionales es otra y, luego de analizar los pro y los contra, optan por contratar un banco de inversi\u00f3n o una consultora que los ayude a desprenderse de sus activos argentinos.<\/p>\n<h2>Posibles candidatos interesados en el negocio de Carrefour<\/h2>\n<p data-mrf-recirculation=\"Links art\u00edculo\">Ahora le toc\u00f3 el turno a Carrefour que, seg\u00fan una nota publicada en el diario La Naci\u00f3n, sell\u00f3 un acuerdo con el Deutsche Bank para que distribuya la carpeta con las condiciones de venta entre posibles interesados. Si bien el proceso reci\u00e9n se inicia,\u00a0<strong>iProfesional\u00a0<\/strong>puede asegurar que, por lo menos,\u00a0<strong>dos empresarios argentinos ya fueron contactados por ejecutivos de la entidad financiera extranjera<\/strong>, a quienes les habr\u00edan mostrado las condiciones para sellar una supuesta venta.<\/p>\n<p data-mrf-recirculation=\"Links art\u00edculo\">Uno ser\u00eda\u00a0<strong>Rub\u00e9n Chernajovsky<\/strong>, fundador y CEO del\u00a0<strong>Grupo Newsan<\/strong>, que naci\u00f3 como un\u00a0<strong>holding de electr\u00f3nica, pero que actualmente se encuentra diversificado<\/strong>, precisamente\u00a0<a title=\"hacia el negocio del consumo masivo\" href=\"https:\/\/www.iprofesional.com\/negocios\/428626-newsan-apuesta-fuerte-al-consumo-masivo-y-proyecta-una-operacion-de-us1-000-millones\" target=\"_blank\" rel=\"noopener noreferrer\" data-mrf-link=\"https:\/\/www.iprofesional.com\/negocios\/428626-newsan-apuesta-fuerte-al-consumo-masivo-y-proyecta-una-operacion-de-us1-000-millones\"><strong>hacia el negocio del consumo masivo<\/strong><\/a>\u00a0con dos opciones.<\/p>\n<p data-mrf-recirculation=\"Links art\u00edculo\">Por un lado, su empresa pesquera y, por otro, con las operaciones de Procter &amp; Gamble en junio del a\u00f1o pasado, y que incluy\u00f3 tambi\u00e9n marcas como Gillette, Pantene, Pampers y Always, y la planta productora ubicada en la localidad bonaerense de Munro. El otro se tratar\u00eda de un importante hombre de negocios con vinculaciones en el sector del retail y de grandes centros comerciales al estilo shoppings.<\/p>\n<p data-mrf-recirculation=\"Links art\u00edculo\">Tambi\u00e9n se habr\u00eda ofrecido la carpeta a\u00a0<a title=\"Marcos Galper\u00edn\" href=\"https:\/\/www.iprofesional.com\/management\/429112-record-de-mercado-libre-en-el-mercado-tras-salida-del-ceo-marcos-galperin\" target=\"_blank\" rel=\"noopener noreferrer\" data-mrf-link=\"https:\/\/www.iprofesional.com\/management\/429112-record-de-mercado-libre-en-el-mercado-tras-salida-del-ceo-marcos-galperin\"><strong>Marcos Galper\u00edn<\/strong><\/a>, due\u00f1o de\u00a0<strong>Mercado Libre<\/strong>, hombre habitualmente mencionado en todo deal que se encuentre dando vueltas. Se habla adem\u00e1s de\u00a0<strong>algunos fondos inversores que tambi\u00e9n miren el negocio del real estate\u00a0<\/strong>y no solamente el retail.<\/p>\n<p data-mrf-recirculation=\"Links art\u00edculo\">Tampoco se descarta que alguna de las dos cadenas supermercadistas de capitales nacionales tengan intenciones de, por lo menos, analizar la carpeta de venta de Carrefour, para analizar si una operaci\u00f3n de este tipo ser\u00eda puesta bajo la lupa del Gobierno por una posible violaci\u00f3n a los postulados de la Ley de Defensa de la Competencia.<img loading=\"lazy\" decoding=\"async\" class=\"alignnone wp-image-9656 size-large\" src=\"https:\/\/cafeprensa.com.ar\/wp-content\/uploads\/2025\/07\/el-historico-carrefour-villa-nueva-guaymallen-1024x576.webp\" alt=\"\" width=\"1024\" height=\"576\" srcset=\"https:\/\/cafeprensa.com.ar\/wp-content\/uploads\/2025\/07\/el-historico-carrefour-villa-nueva-guaymallen-1024x576.webp 1024w, https:\/\/cafeprensa.com.ar\/wp-content\/uploads\/2025\/07\/el-historico-carrefour-villa-nueva-guaymallen-300x169.webp 300w, https:\/\/cafeprensa.com.ar\/wp-content\/uploads\/2025\/07\/el-historico-carrefour-villa-nueva-guaymallen-768x432.webp 768w, https:\/\/cafeprensa.com.ar\/wp-content\/uploads\/2025\/07\/el-historico-carrefour-villa-nueva-guaymallen-390x220.webp 390w, https:\/\/cafeprensa.com.ar\/wp-content\/uploads\/2025\/07\/el-historico-carrefour-villa-nueva-guaymallen.webp 1200w\" sizes=\"auto, (max-width: 1024px) 100vw, 1024px\" \/><\/p>\n<h2>Liderazgo absoluto del sector de supermercados<\/h2>\n<p data-mrf-recirculation=\"Links art\u00edculo\">Ocurre que, en la actualidad\u00a0<strong>Carrefour lidera el sector<\/strong>, por encima de Coto, de Walmart y de La An\u00f3nima, con una operaci\u00f3n que se lleva a cabo en\u00a0<strong>700 sucursales de varios formatos<\/strong>, como los 80 h\u00edper; 80 market; 35 mayoristas y 450 del modelo Express. Tiene adem\u00e1s una entidad financiera propia como es el Banco de Servicios Financieros,\u00a0<strong>est\u00e1 en la Argentina hace 42 a\u00f1os, da trabajo a 17.000 empleados, opera en 110 municipios\u00a0<\/strong>y en el 2024 anunci\u00f3 una inversi\u00f3n de u$s300 millones que se encuentra llevando a cabo.<\/p>\n<p data-mrf-recirculation=\"Links art\u00edculo\">No se trata de datos menores para una supuesta operaci\u00f3n de venta, ya que adem\u00e1s la filial local es superavitaria con un nivel de rentabilidad de entre el 2% y el 3% anual. Adem\u00e1s, debe operar con un escenario macro que no es de los mejores en cuanto a los datos de consumo, tal como se desprende de analizar un reporte elaborado por la consultora\u00a0<strong>Moiguer,\u00a0<\/strong>en el cual se afirma que \u00abtras meses de mejora, los indicadores empiezan a encender sus primeras luces amarillas\u00bb.<\/p>\n<h2>Mercado que no ayuda<\/h2>\n<p data-mrf-recirculation=\"Links art\u00edculo\">El informe asegura que, luego de m\u00e1s de un a\u00f1o de recesi\u00f3n,\u00a0<strong>en 2025 la econom\u00eda retoma un per\u00edodo de crecimiento que toma impulso en el primer trimestre,\u00a0<\/strong>que se desacelera hacia el segundo trimestre, impactando en el humor de los consumidores. <strong>\u00abUna recuperaci\u00f3n econ\u00f3mica que no llega a todos y que profundiza las desigualdades del presente\u00a0entre los distintos estratos sociales\u00bb<\/strong>, destaca el trabajo.<\/p>\n<p data-mrf-recirculation=\"Links art\u00edculo\">Tambi\u00e9n hace menci\u00f3n a<strong> \u00abrealidades distintas\u00bb<\/strong>, en cuanto a los patrones y comportamientos de consumo <strong>\u00abque comienzan a ser diferenciados para los diferentes\u00a0segmentos de la pir\u00e1mide. Mientras los medio bajos y bajos, se muestran m\u00e1s restrictivos y con dificultades para afrontar gastos b\u00e1sicos del hogar, los medio altos y altos expanden sus consumos en d\u00f3lares (atesoramiento, viajes, compras en el exterior)\u00bb.<\/strong><\/p>\n<p data-mrf-recirculation=\"Links art\u00edculo\">Como resultado, el informe de Moguier cree que los indicadores de ventas del consumo masivo permanecen estancados, mientras que bienes de consumo importado, bienes durables y el turismo emisivo se expanden fuertemente. A partir de este contexto y si bien fuentes locales de Carrefour no hicieron comentarios , en el mercado entienden que\u00a0<strong>semejante perfil corporativo ubica a la compa\u00f1\u00eda con una valuaci\u00f3n de miles de millones de d\u00f3lares<\/strong>, quiz\u00e1 hasta superior a la f\u00f3rmula que habitualmente se usa para conocer el precio de una empresa que es la de multiplicar por cuatro o hasta por siete veces su EBITDA.<\/p>\n<h2>Revisi\u00f3n habitual<\/h2>\n<p data-mrf-recirculation=\"Links art\u00edculo\">Adem\u00e1s, Carrefour Argentina viene siendo una\u00a0<strong>fuente de creaci\u00f3n de ejecutivos con puestos clave en la estructura internacional del grupo franc\u00e9s<\/strong>, al punto que el flamante CEO de Brasil y de la regi\u00f3n Latam,<strong>\u00a0Pablo Lorenzo<\/strong>, es argentino y ocup\u00f3 el puesto m\u00e1s alto en la filial local unos a\u00f1os atr\u00e1s.<\/p>\n<p data-mrf-recirculation=\"Links art\u00edculo\">De todos modos, la operaci\u00f3n local forma parte de un\u00a0<strong>esquema habitual de revisi\u00f3n de negocios\u00a0<\/strong>que las multinacionales llevan a cabo como un proceso corporativo para conocer el valor de sus filiales. En el caso de Carrefour, este proceso se acaba de disparar para todos los pa\u00edses en los cuales opera, salvo para los tres que son considerados centrales por el board de la cadena francesa, por lo cual, esta posible operaci\u00f3n podr\u00eda quedar en la nada.<\/p>\n<p data-mrf-recirculation=\"Links art\u00edculo\">En el caso del plan global de revisi\u00f3n fue anunciado por\u00a0<strong>Alexandre Bompard,<\/strong>\u00a0CEO global de Carrefour, con el objetivo de desprenderse de activos y filiales considerados como no estrat\u00e9gicos para financiar sus inversiones en Francia, Espa\u00f1a y Brasil.<\/p>\n<\/div>\n","protected":false},"excerpt":{"rendered":"<p>Empresarios argentinos, detr\u00e1s del negocio de la cadena de supermercados m\u00e1s grande del pa\u00eds. El grupo franc\u00e9s inici\u00f3 un proceso de an\u00e1lisis para vender sus operaciones locales y ya son varios los interesados en estudiar la propuesta. Siguiendo el camino de Walmart, que en el 2020 decidi\u00f3 salir de la Argentina y termin\u00f3 vendiendo sus &hellip;<\/p>\n","protected":false},"author":2,"featured_media":9657,"comment_status":"open","ping_status":"open","sticky":false,"template":"","format":"standard","meta":{"footnotes":""},"categories":[28,33],"tags":[2201],"class_list":["post-9655","post","type-post","status-publish","format-standard","has-post-thumbnail","hentry","category-economia","category-nacionales","tag-carrefour"],"_links":{"self":[{"href":"https:\/\/cafeprensa.com.ar\/index.php\/wp-json\/wp\/v2\/posts\/9655","targetHints":{"allow":["GET"]}}],"collection":[{"href":"https:\/\/cafeprensa.com.ar\/index.php\/wp-json\/wp\/v2\/posts"}],"about":[{"href":"https:\/\/cafeprensa.com.ar\/index.php\/wp-json\/wp\/v2\/types\/post"}],"author":[{"embeddable":true,"href":"https:\/\/cafeprensa.com.ar\/index.php\/wp-json\/wp\/v2\/users\/2"}],"replies":[{"embeddable":true,"href":"https:\/\/cafeprensa.com.ar\/index.php\/wp-json\/wp\/v2\/comments?post=9655"}],"version-history":[{"count":4,"href":"https:\/\/cafeprensa.com.ar\/index.php\/wp-json\/wp\/v2\/posts\/9655\/revisions"}],"predecessor-version":[{"id":9662,"href":"https:\/\/cafeprensa.com.ar\/index.php\/wp-json\/wp\/v2\/posts\/9655\/revisions\/9662"}],"wp:featuredmedia":[{"embeddable":true,"href":"https:\/\/cafeprensa.com.ar\/index.php\/wp-json\/wp\/v2\/media\/9657"}],"wp:attachment":[{"href":"https:\/\/cafeprensa.com.ar\/index.php\/wp-json\/wp\/v2\/media?parent=9655"}],"wp:term":[{"taxonomy":"category","embeddable":true,"href":"https:\/\/cafeprensa.com.ar\/index.php\/wp-json\/wp\/v2\/categories?post=9655"},{"taxonomy":"post_tag","embeddable":true,"href":"https:\/\/cafeprensa.com.ar\/index.php\/wp-json\/wp\/v2\/tags?post=9655"}],"curies":[{"name":"wp","href":"https:\/\/api.w.org\/{rel}","templated":true}]}}