{"id":9685,"date":"2025-07-10T20:05:13","date_gmt":"2025-07-10T18:05:13","guid":{"rendered":"https:\/\/cafeprensa.com.ar\/?p=9685"},"modified":"2025-07-10T20:05:13","modified_gmt":"2025-07-10T18:05:13","slug":"roberto-sanchez-encabezara-un-frente-y-mariano-campero-integrara-ese-espacio","status":"publish","type":"post","link":"https:\/\/cafeprensa.com.ar\/index.php\/2025\/07\/10\/roberto-sanchez-encabezara-un-frente-y-mariano-campero-integrara-ese-espacio\/","title":{"rendered":"Roberto S\u00e1nchez encabezar\u00e1 un frente y Mariano Campero integrar\u00e1 ese espacio"},"content":{"rendered":"<header class=\"article-header\" data-tadevel-template=\"web\/article-header\">\n<p class=\"article-deck\">El intendente de Concepci\u00f3n, Alejandro Molinuevo, confirm\u00f3 que ambos dirigentes trabajan juntos de cara a los comicios nacionales.<\/p>\n<p><img loading=\"lazy\" decoding=\"async\" class=\"alignnone wp-image-9686 size-full\" src=\"https:\/\/cafeprensa.com.ar\/wp-content\/uploads\/2025\/07\/600x400_1085903_202505312340390000002.webp\" alt=\"\" width=\"600\" height=\"400\" srcset=\"https:\/\/cafeprensa.com.ar\/wp-content\/uploads\/2025\/07\/600x400_1085903_202505312340390000002.webp 600w, https:\/\/cafeprensa.com.ar\/wp-content\/uploads\/2025\/07\/600x400_1085903_202505312340390000002-300x200.webp 300w\" sizes=\"auto, (max-width: 600px) 100vw, 600px\" \/><\/p>\n<\/header>\n<div class=\"columns\" data-tadevel-template=\"web\/article-columns\">\n<div class=\"column-main\">\n<div class=\"article-body\" data-tadevel-template=\"web\/article-body\">\n<div class=\"article-body-content\">\n<p>El\u00a0<strong>intendente de la ciudad de Concepci\u00f3n, Alejandro Molinuevo<\/strong>, confirm\u00f3 en el programa\u00a0<strong>Los Primeros<\/strong>\u00a0que el\u00a0<strong>radicalismo tucumano<\/strong>\u00a0conform\u00f3 un frente electoral de cara a los comicios legislativos nacionales de octubre. El espacio estar\u00e1 encabezado por\u00a0<strong>Roberto S\u00e1nchez y Mariano Campero<\/strong>. Tucum\u00e1n renueva cuatro banca de diputados.<\/p>\n<p><img loading=\"lazy\" decoding=\"async\" class=\"alignnone wp-image-9687 size-full\" src=\"https:\/\/cafeprensa.com.ar\/wp-content\/uploads\/2025\/07\/600x400_molinuevo-por-fin-podremos-torcer-historia-30-anos-estancamiento-983634-161224.webp\" alt=\"\" width=\"600\" height=\"400\" srcset=\"https:\/\/cafeprensa.com.ar\/wp-content\/uploads\/2025\/07\/600x400_molinuevo-por-fin-podremos-torcer-historia-30-anos-estancamiento-983634-161224.webp 600w, https:\/\/cafeprensa.com.ar\/wp-content\/uploads\/2025\/07\/600x400_molinuevo-por-fin-podremos-torcer-historia-30-anos-estancamiento-983634-161224-300x200.webp 300w\" sizes=\"auto, (max-width: 600px) 100vw, 600px\" \/><\/p>\n<p><strong><i>\u201cEn octubre va a ir Roberto S\u00e1nchez (encabezando la lista), ya est\u00e1 definido, con un frente amplio de dirigentes que venimos trabajando desde hace varios a\u00f1os\u201d<\/i><\/strong>, dijo\u00a0<strong>Molinuevo<\/strong>.<\/p>\n<p>Y detall\u00f3 que\u00a0<strong>Mariano Campero\u00a0<\/strong>va a integrar el frente y va a apoyar a Roberto S\u00e1nchez.\u00a0<strong><i>\u201c\u00c9l tiene un partido Cambia Tucum\u00e1n, va a integrar el frente, es oficial que va a jugar con Roberto S\u00e1nchez\u201d<\/i>,<\/strong> dijo.<\/p>\n<p><img loading=\"lazy\" decoding=\"async\" class=\"alignnone wp-image-9688 size-full\" src=\"https:\/\/cafeprensa.com.ar\/wp-content\/uploads\/2025\/07\/roberto-sanchez-critico-no-estoy-acuerdo-posicion-mariano-campero-1053185-120338.jpg\" alt=\"\" width=\"838\" height=\"680\" srcset=\"https:\/\/cafeprensa.com.ar\/wp-content\/uploads\/2025\/07\/roberto-sanchez-critico-no-estoy-acuerdo-posicion-mariano-campero-1053185-120338.jpg 838w, https:\/\/cafeprensa.com.ar\/wp-content\/uploads\/2025\/07\/roberto-sanchez-critico-no-estoy-acuerdo-posicion-mariano-campero-1053185-120338-300x243.jpg 300w, https:\/\/cafeprensa.com.ar\/wp-content\/uploads\/2025\/07\/roberto-sanchez-critico-no-estoy-acuerdo-posicion-mariano-campero-1053185-120338-768x623.jpg 768w\" sizes=\"auto, (max-width: 838px) 100vw, 838px\" \/><\/p>\n<p><strong>Molinuevo\u00a0<\/strong>explic\u00f3 que es un frente que encabezar\u00e1n\u00a0<strong>S\u00e1nchez y Campero\u00a0<\/strong>y que convocaron a muchos dirigentes, legisladores, concejales e intendentes a integrar el espacio.<\/p>\n<\/div>\n<\/div>\n<\/div>\n<\/div>\n","protected":false},"excerpt":{"rendered":"<p>El intendente de Concepci\u00f3n, Alejandro Molinuevo, confirm\u00f3 que ambos dirigentes trabajan juntos de cara a los comicios nacionales. El\u00a0intendente de la ciudad de Concepci\u00f3n, Alejandro Molinuevo, confirm\u00f3 en el programa\u00a0Los Primeros\u00a0que el\u00a0radicalismo tucumano\u00a0conform\u00f3 un frente electoral de cara a los comicios legislativos nacionales de octubre. El espacio estar\u00e1 encabezado por\u00a0Roberto S\u00e1nchez y Mariano Campero. Tucum\u00e1n &hellip;<\/p>\n","protected":false},"author":2,"featured_media":9689,"comment_status":"open","ping_status":"open","sticky":false,"template":"","format":"standard","meta":{"footnotes":""},"categories":[34,25],"tags":[1034,1050,683,493],"class_list":["post-9685","post","type-post","status-publish","format-standard","has-post-thumbnail","hentry","category-locales","category-politica","tag-campero","tag-elecciones-2025","tag-molinuevo","tag-roberto-sanchez"],"_links":{"self":[{"href":"https:\/\/cafeprensa.com.ar\/index.php\/wp-json\/wp\/v2\/posts\/9685","targetHints":{"allow":["GET"]}}],"collection":[{"href":"https:\/\/cafeprensa.com.ar\/index.php\/wp-json\/wp\/v2\/posts"}],"about":[{"href":"https:\/\/cafeprensa.com.ar\/index.php\/wp-json\/wp\/v2\/types\/post"}],"author":[{"embeddable":true,"href":"https:\/\/cafeprensa.com.ar\/index.php\/wp-json\/wp\/v2\/users\/2"}],"replies":[{"embeddable":true,"href":"https:\/\/cafeprensa.com.ar\/index.php\/wp-json\/wp\/v2\/comments?post=9685"}],"version-history":[{"count":1,"href":"https:\/\/cafeprensa.com.ar\/index.php\/wp-json\/wp\/v2\/posts\/9685\/revisions"}],"predecessor-version":[{"id":9690,"href":"https:\/\/cafeprensa.com.ar\/index.php\/wp-json\/wp\/v2\/posts\/9685\/revisions\/9690"}],"wp:featuredmedia":[{"embeddable":true,"href":"https:\/\/cafeprensa.com.ar\/index.php\/wp-json\/wp\/v2\/media\/9689"}],"wp:attachment":[{"href":"https:\/\/cafeprensa.com.ar\/index.php\/wp-json\/wp\/v2\/media?parent=9685"}],"wp:term":[{"taxonomy":"category","embeddable":true,"href":"https:\/\/cafeprensa.com.ar\/index.php\/wp-json\/wp\/v2\/categories?post=9685"},{"taxonomy":"post_tag","embeddable":true,"href":"https:\/\/cafeprensa.com.ar\/index.php\/wp-json\/wp\/v2\/tags?post=9685"}],"curies":[{"name":"wp","href":"https:\/\/api.w.org\/{rel}","templated":true}]}}