{"id":9803,"date":"2025-07-18T19:09:23","date_gmt":"2025-07-18T17:09:23","guid":{"rendered":"https:\/\/cafeprensa.com.ar\/?p=9803"},"modified":"2025-07-18T19:09:52","modified_gmt":"2025-07-18T17:09:52","slug":"sorpresas-y-polarizacion-en-el-tablero-electoral-de-tucuman-catalan-jaldo-y-el-5-de-roberto-sanchez","status":"publish","type":"post","link":"https:\/\/cafeprensa.com.ar\/index.php\/2025\/07\/18\/sorpresas-y-polarizacion-en-el-tablero-electoral-de-tucuman-catalan-jaldo-y-el-5-de-roberto-sanchez\/","title":{"rendered":"Sorpresas y polarizaci\u00f3n en el tablero electoral de Tucum\u00e1n, Catalan, Jaldo y el 5% de Roberto Sanchez"},"content":{"rendered":"<p class=\"publicadoel\"><b>El tablero pol\u00edtico tucumano comienza a definirse con m\u00e1s claridad de cara a las elecciones de octubre. Una reciente encuesta elaborada por la consultora Isasi\/Burdman, entre el 6 y el 12 de julio en nueve ciudades de la provincia, revela una polarizaci\u00f3n creciente entre el peronismo que lidera el gobernador Osvaldo Jaldo y La Libertad Avanza (LLA), el espacio del presidente Javier Milei.<\/b><\/p>\n<p class=\"publicadoel\">El estudio, que relev\u00f3 la opini\u00f3n de 1.126 personas de manera presencial, muestra que la imagen personal de\u00a0<b>Javier Milei<\/b>\u00a0alcanza un 39,7% de positividad, mientras que su gesti\u00f3n nacional cuenta con una aprobaci\u00f3n del 48,7%. En el caso del mandatario tucumano,\u00a0<b>Osvaldo Jaldo<\/b>, su imagen personal positiva asciende al 44,5% y la aprobaci\u00f3n de su gesti\u00f3n provincial llega al 60,4%.<br \/>\n\u201cLa imagen de ambos mejor\u00f3 ligeramente. Lo m\u00e1s notable es que observamos una polarizaci\u00f3n clara entre el peronismo tucumano y La Libertad Avanza, lo que marca un cambio profundo en la din\u00e1mica electoral de la provincia\u201d, se\u00f1al\u00f3 el polit\u00f3logo y consultor\u00a0<b>Julio Burdman<\/b>, quien explic\u00f3 que el avance del espacio libertario en Tucum\u00e1n est\u00e1 reconfigurando alianzas y estrategias.<br \/>\nUna de las sorpresas del relevamiento es el crecimiento de\u00a0<b>Lisandro Catal\u00e1n<\/b>, referente de LLA en la provincia, cuyo nivel de conocimiento p\u00fablico creci\u00f3 significativamente desde abril, seg\u00fan Burdman. <strong>\u201cHoy casi la mitad de los tucumanos sabe qui\u00e9n es, y eso lo posiciona dentro del escenario electoral en ascenso\u201d,<\/strong> afirm\u00f3. Agreg\u00f3 que la estrategia de visibilidad de Catal\u00e1n \u2014incluso mediante la pol\u00e9mica\u2014 ha resultado efectiva.<br \/>\nEn t\u00e9rminos de intenci\u00f3n de voto por fuerza pol\u00edtica, <strong>LLA se ubica en primer lugar con un 36,4%, seguido de cerca por la alianza entre Tucum\u00e1n Primero y Fuerza Patria, que cosecha un 33,4%. <\/strong><\/p>\n<p class=\"publicadoel\"><strong>La tercera fuerza, seg\u00fan la encuesta, ser\u00eda la dupla\u00a0Mariano Campero-Roberto S\u00e1nchez, con apenas un 5,2%, mientras que el resto de las expresiones pol\u00edticas no superan el 4%.<\/strong><br \/>\n<b>Cuando se consulta por candidatos, Jaldo y Catal\u00e1n pelean palmo a palmo el liderazgo, con una diferencia de menos de un punto, lo que augura una elecci\u00f3n altamente competitiva. No obstante, la posibilidad de una candidatura testimonial de Jaldo genera resistencia: el 51,8% de los consultados se muestra en desacuerdo, mientras que apenas un 32,2% lo aprueba.<\/b><br \/>\nBurdman tambi\u00e9n analiz\u00f3 los factores detr\u00e1s de la alta aprobaci\u00f3n de la gesti\u00f3n de Jaldo, a pesar de la divisi\u00f3n pol\u00edtica nacional. <strong>\u201cHay una porci\u00f3n del electorado que simpatiza con Milei, pero tambi\u00e9n aprueba la gesti\u00f3n provincial. Lo ven como un gobernador que coopera con el Presidente, lo que le permite captar apoyos de distintos sectores\u201d,<\/strong> explic\u00f3. La inc\u00f3gnita, sin embargo, es si esa transversalidad podr\u00e1 traducirse en votos concretos.<br \/>\nUn dato llamativo que confirma la encuesta es el desfase entre la imagen de los partidos y la de sus dirigentes. Mientras que candidatos radicales tienen buena imagen personal, el sello de la UCR no logra traccionar votos. En cambio, LLA muestra el fen\u00f3meno inverso: su marca moviliza, incluso por encima del conocimiento de sus referentes.<br \/>\n<strong>\u201cLos partidos tradicionales no movilizan como antes. La Libertad Avanza s\u00ed, y eso hace que el sello tenga m\u00e1s fuerza que sus propios candidatos, que necesitan consolidarse\u201d,<\/strong> remarc\u00f3 Burdman.<br \/>\nA poco m\u00e1s de tres meses de las elecciones, el escenario en Tucum\u00e1n se encamina hacia una competencia polarizada entre el peronismo y el espacio libertario. Con una gesti\u00f3n local que mantiene altos niveles de aprobaci\u00f3n y un Presidente que sigue dividiendo aguas, los pr\u00f3ximos movimientos t\u00e1cticos \u2014como la oficializaci\u00f3n de candidaturas\u2014 ser\u00e1n determinantes.<br \/>\nLa carrera est\u00e1 abierta, y tanto el oficialismo provincial como LLA deber\u00e1n responder a un electorado que parece dispuesto a premiar gestiones eficientes, pero tambi\u00e9n exige coherencia, claridad y propuestas concretas frente al complejo contexto social y econ\u00f3mico.<br \/>\n<b>La contienda tucumana, lejos de cerrarse, entra en su fase m\u00e1s intensa. Y todo indica que la batalla por el voto independiente y de los moderados ser\u00e1 clave para definir el rumbo de la provincia en octubre.<\/b><\/p>\n","protected":false},"excerpt":{"rendered":"<p>El tablero pol\u00edtico tucumano comienza a definirse con m\u00e1s claridad de cara a las elecciones de octubre. Una reciente encuesta elaborada por la consultora Isasi\/Burdman, entre el 6 y el 12 de julio en nueve ciudades de la provincia, revela una polarizaci\u00f3n creciente entre el peronismo que lidera el gobernador Osvaldo Jaldo y La Libertad &hellip;<\/p>\n","protected":false},"author":2,"featured_media":9804,"comment_status":"open","ping_status":"open","sticky":false,"template":"","format":"standard","meta":{"footnotes":""},"categories":[34,25],"tags":[1198,265,493],"class_list":["post-9803","post","type-post","status-publish","format-standard","has-post-thumbnail","hentry","category-locales","category-politica","tag-lisandro-catalan","tag-osvaldo-jaldo","tag-roberto-sanchez"],"_links":{"self":[{"href":"https:\/\/cafeprensa.com.ar\/index.php\/wp-json\/wp\/v2\/posts\/9803","targetHints":{"allow":["GET"]}}],"collection":[{"href":"https:\/\/cafeprensa.com.ar\/index.php\/wp-json\/wp\/v2\/posts"}],"about":[{"href":"https:\/\/cafeprensa.com.ar\/index.php\/wp-json\/wp\/v2\/types\/post"}],"author":[{"embeddable":true,"href":"https:\/\/cafeprensa.com.ar\/index.php\/wp-json\/wp\/v2\/users\/2"}],"replies":[{"embeddable":true,"href":"https:\/\/cafeprensa.com.ar\/index.php\/wp-json\/wp\/v2\/comments?post=9803"}],"version-history":[{"count":2,"href":"https:\/\/cafeprensa.com.ar\/index.php\/wp-json\/wp\/v2\/posts\/9803\/revisions"}],"predecessor-version":[{"id":9806,"href":"https:\/\/cafeprensa.com.ar\/index.php\/wp-json\/wp\/v2\/posts\/9803\/revisions\/9806"}],"wp:featuredmedia":[{"embeddable":true,"href":"https:\/\/cafeprensa.com.ar\/index.php\/wp-json\/wp\/v2\/media\/9804"}],"wp:attachment":[{"href":"https:\/\/cafeprensa.com.ar\/index.php\/wp-json\/wp\/v2\/media?parent=9803"}],"wp:term":[{"taxonomy":"category","embeddable":true,"href":"https:\/\/cafeprensa.com.ar\/index.php\/wp-json\/wp\/v2\/categories?post=9803"},{"taxonomy":"post_tag","embeddable":true,"href":"https:\/\/cafeprensa.com.ar\/index.php\/wp-json\/wp\/v2\/tags?post=9803"}],"curies":[{"name":"wp","href":"https:\/\/api.w.org\/{rel}","templated":true}]}}