{"id":9811,"date":"2025-07-19T21:11:04","date_gmt":"2025-07-19T19:11:04","guid":{"rendered":"https:\/\/cafeprensa.com.ar\/?p=9811"},"modified":"2025-07-19T21:33:39","modified_gmt":"2025-07-19T19:33:39","slug":"murga-la-sociedad-no-tiene-ganas-de-votar-porque-hay-un-descontento-con-la-politica-convencional","status":"publish","type":"post","link":"https:\/\/cafeprensa.com.ar\/index.php\/2025\/07\/19\/murga-la-sociedad-no-tiene-ganas-de-votar-porque-hay-un-descontento-con-la-politica-convencional\/","title":{"rendered":"Murga: \u00abLa sociedad no tiene ganas de votar porque hay un descontento con la pol\u00edtica convencional\u00bb"},"content":{"rendered":"<p>El candidato a diputado nacional de CREO <strong>Sebasti\u00e1n Murga<\/strong> analiz\u00f3 la situaci\u00f3n del campo en la provincia y las posibilidades de inversi\u00f3n. En di\u00e1logo con Caf\u00e9 Prensa Murga se refiri\u00f3 al panorama pol\u00edtico actual y la participaci\u00f3n de CREO en las intermedias de octubre.<\/p>\n<p>\u00abLo que respecta a lo econ\u00f3mico en lo rural, los que emprendemos tenemos la convicci\u00f3n y la esperanza de que las cosas se puedan en cambiar, aunque en Tucum\u00e1n las condiciones sean adversas\u00bb, reflexion\u00f3 Murga. \u00abHoy invertir en una f\u00e1brica implica personal, proveedores, una industria, pero en la provincia es imposible que ocurra por la presi\u00f3n tributaria, las trabas, la burocracia, esa desaz\u00f3n que hay. En mi caso, a pesar de la situaci\u00f3n seguir\u00e9 invirtiendo porque estoy convencido que Tucum\u00e1n tiene potencial\u00bb, agreg\u00f3.<\/p>\n<p>Respecto al ejecutivo nacional, Murga afirm\u00f3 coincidir en los lineamientos que se llevan a nivel nacional, pero advirti\u00f3 que las reformas estructurales no se concretaran en el corto plazo. \u00abMilei es un presidente que le da mucha importancia a los empresarios, un camino que comparto, pero respecto a las retenciones, el campo no es eso, es mucha m\u00e1s, es la materia prima, la producci\u00f3n. De cada tres camiones que salen con grano se va uno al estado y el resto va a impuestos, a sueldos, queda poco para el productor. Los cambios no se dar\u00e1n en seis meses, no es algo que ocurra r\u00e1pido, lleva tiempo y mucha paciencia. El presidente est\u00e1 haciendo lo mejor que pueda. Si sacamos las retenciones, habr\u00e1 mayor cantidad de tierra para cultivar y generar m\u00e1s inversi\u00f3n, pero ese momento de salir, tomar\u00e1 alg\u00fan tiempo, preservando un equilibrio fiscal, ese es el momento de tener paciencia\u00bb, analiz\u00f3 el empresario.<\/p>\n<p>\u00abHoy se puede acceder a cr\u00e9ditos, algo que antes era imposible. Actualmente, mejor\u00f3 mucho, insisto en cuidar al presidente, son cambios que hay que cuidar porque en el tiempo tendr\u00e1 sus repercusiones positivas\u00bb, se\u00f1al\u00f3 Murga.<\/p>\n<h4>Pol\u00edtica y elecciones de octubre<\/h4>\n<p>Respecto a su elecci\u00f3n de participar en pol\u00edtica, Murga admiti\u00f3 que fue una sorpresa al comunicar esto a su entorno familiar, \u00abpero nada se hace sin la familia, ninguna actividad se puede realizar sin su apoyo\u00bb. \u00abEsto hab\u00eda que hacerlo, no se hizo como una cuesti\u00f3n de gusto, sino como una vocaci\u00f3n de servicio. Aunque protesto un poco de mi falta de actividad dirigencial, me dedique a trabajas desde el lado privado, a desarrollar las cosas que hac\u00eda\u00bb. se\u00f1al\u00f3. Luego hizo una autocr\u00edtica por no involucrarse en la vida p\u00fablica anteriormente, ya que \u00abotras personas que ocuparon estos lugares en el sector p\u00fablico que nos llevaron a esta situaci\u00f3n. Igual siempre estamos condiciones de aportar desde lo privado\u00bb.<\/p>\n<p>\u00abLa sociedad no tiene ganas de votar porque hay un descontento con la pol\u00edtica convencional, para nosotros es un desaf\u00edo formar un partido pol\u00edtico porque es un camino largo, para reencontrar a los tucumanos y para llevar adelante los principios y las convicciones para generar cambios\u00bb, analiz\u00f3. \u00abTenes pol\u00edticos que pasaron por 5 o 6 partidos, no pod\u00e9s pasar por distintos espacios, tenes que tener una l\u00f3gica de saber bien a donde llevar a Tucum\u00e1n. En CREO tenemos la convicci\u00f3n de a d\u00f3nde queremos llevar a la provincia con estrategias y personas nuevas\u00bb, continu\u00f3 sobre rol de su espacio en la pol\u00edtica.<\/p>\n<p>\u00abEn Tucum\u00e1n siempre tenemos las mismas caras, el objetivo no es ir contra alguien, al contrario, es a favor de cambiar esto. No me muevo de esta postura porque este es el camino, hay gente que se quiere incorporar y modificar esta situaci\u00f3n.\u00bb, agreg\u00f3.<\/p>\n<p>Respecto a las encuestas, reflexion\u00f3 que los n\u00fameros arrojan datos interesantes y que estas son \u00abparte de la estrategia y CREO es parte de los principios y no de las encuestas\u00bb. \u00abLas que manejamos nosotros son interesantes por el trabajo que se hace con l\u00f3gica y disciplina. Vamos a renovar la banca de Paula Omodeo, esto ayudo mucho al trabajo de CREO, con la esperanza de trabajar por los cambios. No vamos solo por la disminuci\u00f3n de los acoples, en CREO vamos por la doble candidatura y por la eliminaci\u00f3n de los acoples. Este espacio es el que viene a modificar las comunas rurales, hay que achicar la cantidad de legisladores y de concejales, porque no se puede sostener esa estructura\u00bb, analiz\u00f3 sobre los objetivos para estas intermedias.<\/p>\n<p>\u00abPaula vot\u00f3 en favor de algunas cuestiones, que, aunque son dif\u00edciles, la idea es buscar el equilibrio fiscal, sin gastar m\u00e1s de lo que se recauda y a partir de ah\u00ed construir\u00bb, concluy\u00f3 respecto al desempe\u00f1o de su representante en el Congreso.<\/p>\n<h4>Ping Pong<\/h4>\n<p>En esta \u00faltima secci\u00f3n Murga respondi\u00f3 que le gustar\u00eda ser gobernador de Tucum\u00e1n. Adem\u00e1s, describi\u00f3 a Chahla como la se\u00f1ora del TikTok y calific\u00f3 a la gesti\u00f3n de Jaldo con un 2. Luego admiti\u00f3 que en las elecciones presidenciales vot\u00f3 a Milei y eligi\u00f3 a Julio A. Roca como un personaje hist\u00f3rico para tomar un caf\u00e9. Finalmente, al referirse a la Sociedad Rural como \u00abuna entidad de mucha potencia y decisi\u00f3n con una comisi\u00f3n directiva conformada con mucha altura\u00bb.<\/p>\n<p>&nbsp;<\/p>\n<p>&nbsp;<\/p>\n","protected":false},"excerpt":{"rendered":"<p>El candidato a diputado nacional de CREO Sebasti\u00e1n Murga analiz\u00f3 la situaci\u00f3n del campo en la provincia y las posibilidades de inversi\u00f3n. En di\u00e1logo con Caf\u00e9 Prensa Murga se refiri\u00f3 al panorama pol\u00edtico actual y la participaci\u00f3n de CREO en las intermedias de octubre. \u00abLo que respecta a lo econ\u00f3mico en lo rural, los que &hellip;<\/p>\n","protected":false},"author":2,"featured_media":9825,"comment_status":"open","ping_status":"open","sticky":false,"template":"","format":"standard","meta":{"footnotes":""},"categories":[34],"tags":[1604,2007,2005,200,2238,2239,160],"class_list":["post-9811","post","type-post","status-publish","format-standard","has-post-thumbnail","hentry","category-locales","tag-campo","tag-creo","tag-elecciones-intermedias","tag-javier-milei","tag-sebastian-murga","tag-sociedad-rural","tag-tucuman"],"_links":{"self":[{"href":"https:\/\/cafeprensa.com.ar\/index.php\/wp-json\/wp\/v2\/posts\/9811","targetHints":{"allow":["GET"]}}],"collection":[{"href":"https:\/\/cafeprensa.com.ar\/index.php\/wp-json\/wp\/v2\/posts"}],"about":[{"href":"https:\/\/cafeprensa.com.ar\/index.php\/wp-json\/wp\/v2\/types\/post"}],"author":[{"embeddable":true,"href":"https:\/\/cafeprensa.com.ar\/index.php\/wp-json\/wp\/v2\/users\/2"}],"replies":[{"embeddable":true,"href":"https:\/\/cafeprensa.com.ar\/index.php\/wp-json\/wp\/v2\/comments?post=9811"}],"version-history":[{"count":6,"href":"https:\/\/cafeprensa.com.ar\/index.php\/wp-json\/wp\/v2\/posts\/9811\/revisions"}],"predecessor-version":[{"id":9830,"href":"https:\/\/cafeprensa.com.ar\/index.php\/wp-json\/wp\/v2\/posts\/9811\/revisions\/9830"}],"wp:featuredmedia":[{"embeddable":true,"href":"https:\/\/cafeprensa.com.ar\/index.php\/wp-json\/wp\/v2\/media\/9825"}],"wp:attachment":[{"href":"https:\/\/cafeprensa.com.ar\/index.php\/wp-json\/wp\/v2\/media?parent=9811"}],"wp:term":[{"taxonomy":"category","embeddable":true,"href":"https:\/\/cafeprensa.com.ar\/index.php\/wp-json\/wp\/v2\/categories?post=9811"},{"taxonomy":"post_tag","embeddable":true,"href":"https:\/\/cafeprensa.com.ar\/index.php\/wp-json\/wp\/v2\/tags?post=9811"}],"curies":[{"name":"wp","href":"https:\/\/api.w.org\/{rel}","templated":true}]}}