{"id":9819,"date":"2025-07-19T21:08:36","date_gmt":"2025-07-19T19:08:36","guid":{"rendered":"https:\/\/cafeprensa.com.ar\/?p=9819"},"modified":"2025-07-19T21:23:50","modified_gmt":"2025-07-19T19:23:50","slug":"manino-hoy-tucuman-es-un-lugar-de-paso-de-acopio-y-consumo-de-sustancias-ilicitas","status":"publish","type":"post","link":"https:\/\/cafeprensa.com.ar\/index.php\/2025\/07\/19\/manino-hoy-tucuman-es-un-lugar-de-paso-de-acopio-y-consumo-de-sustancias-ilicitas\/","title":{"rendered":"Manino: \u00abTucum\u00e1n es un lugar de paso, de acopio y de consumo de sustancias il\u00edcitas\u00bb"},"content":{"rendered":"<p>El especialista en seguridad P\u00fablica e Inteligencia <strong>Silvio Manino<\/strong> analiz\u00f3 la situaci\u00f3n de la seguridad a nivel nacional y provincial. Adem\u00e1s, en di\u00e1logo con Caf\u00e9 Prensa se refiri\u00f3 a las pol\u00edticas contra el narcotr\u00e1fico que ejecutan en Tucum\u00e1n.<\/p>\n<p>\u00abToda inversi\u00f3n que se haga en seguridad es buena, porque vemos que la polic\u00eda provincial esta desarmada en cuestiones de c\u00e1mara, insumos, entre otras cuestiones. Cualquier inversi\u00f3n que se haga que pueda incorporar elementos de tipo log\u00edstico es bueno, La polic\u00eda no es un tema de cantidad de personal, aunque aumentar no es algo negativo, al igual que la cantidad de m\u00f3viles\u00bb analiz\u00f3. \u00abSe puede mejorar el tema de capacitaci\u00f3n, aunque los cursos sirvan, pero se necesita un plan de capacitaciones que se lleve adelante no solo en lo f\u00edsico sino tambi\u00e9n un seguimiento respecto a la carrera\u00bb, agreg\u00f3 Menino.<\/p>\n<p>\u00abCuando hablamos de la puerta giratoria en la justicia, mucho tiene que ver con los malos procedimientos policiales de los cuales muchos abogados se agarran en sus estrategias. Si pudi\u00e9ramos hacer un seguimiento de cada persona que fue detenida por narcotr\u00e1fico, veremos que muchas personas fueron liberadas por malos procedimientos, como por ejemplo ingresar sin una orden de allanamiento\u00bb se\u00f1al\u00f3 respecto a las fallas en los procedimientos policiales en relaci\u00f3n los fallos judiciales.<\/p>\n<p>\u00abMuchos pueden plantear cambios, de bajar polic\u00edas administrativos, pero Tucum\u00e1n necesita cambios de fondo, no solo cuestiones operativas.\u00a0 Hasta las comunas pretenden tener su propia policial, hoy encontramos mucha gente menos capacitada e incluso mal paga, que buscamos cubrirla con otras entidades que no tienen la cobertura legal. El trabajo que puede hacer el municipio de prevenci\u00f3n sin tener esa cuasi polic\u00eda\u00bb, reflexion\u00f3.<\/p>\n<p>\u00abLa polic\u00eda tiene que estar capacitada en DDHH, toda la sociedad, ya que nos cost\u00f3 mucho conseguir esos derechos, sector que le preocupa a la gente cuando le toca. Es un \u00e1mbito fundamental, un tema que ya no deber\u00eda discutirse, hay que cuidarlos y la polic\u00eda que est\u00e1 en la calle tiene que estar formada para protegerlos\u00bb<\/p>\n<h4>Provincia y pol\u00edticas p\u00fablicas contra la droga<\/h4>\n<p>&nbsp;<\/p>\n<p>Manino analiz\u00f3 el flagelo del narcotr\u00e1fico en la provincia y las medidas llevadas a cabo para combatirlo. \u00abPor cada kiosco que cierran, abre uno nuevo. Hay que establecer distintas estrategias, est\u00e1 bien la adhesi\u00f3n de la provincia a la Ley de Narcomenudeo y su ejecuci\u00f3n, pero no se debe trabajar separadamente de la Justicia Federal\u00bb, manifest\u00f3. \u00abPorque debe haber una coordinaci\u00f3n de las fuerzas y un nexo con los poderes de la Justicia de la Naci\u00f3n. Sino trabajan todos de manera aislada y comienzan a chocar, como ocurri\u00f3 con el caso del Municipio de Alberdi\u00bb, agreg\u00f3 en su argumentaci\u00f3n.<\/p>\n<p>\u00abHoy Tucum\u00e1n es un lugar de paso, de acopio y consumo de sustancias il\u00edcitas. Diferencio algunas cosas en esta cuesti\u00f3n, porque las rutas cambian de un mes a otro seg\u00fan los controles, pero hoy vemos que respecto a la producci\u00f3n vienen del norte, de la zona de Bolivia, y vemos que en el paso hay muy poco control en la zona norte, aunque vemos que va variando desde el lado de Paraguay\u00bb, analiz\u00f3. \u00abEsto se da en base a las zonas de mayor consumo. Despu\u00e9s tenes el narcotr\u00e1fico para exportar, porque es m\u00e1s dif\u00edcil transportar en Argentina por tierra porque hist\u00f3ricamente tiene m\u00e1s control en comparaci\u00f3n de otros pa\u00edses, que tiene m\u00e1s aceitada la ruta en los puertos brasile\u00f1os\u00bb, se\u00f1al\u00f3.<\/p>\n<p>Finalmente, Manino se\u00f1al\u00f3 cu\u00e1l debe ser el objetivo principal de las pol\u00edticas p\u00fablicas contra el flagelo y cu\u00e1l es el rol de las fuerzas federales. \u00abRespecto al consumo, es lo que m\u00e1s debe preocupar y ocupar al estado. Veo anuncios, pero hay que ver si esos anuncios realmente ocurren. Hay algunos cambios que est\u00e1n bien, pero deben modificarse algunas cosas\u00bb, se\u00f1al\u00f3. \u00abCuando escucho que hablan en municipios de la polic\u00eda federal patrullando la calle, esta repartici\u00f3n no est\u00e1 para eso, es para resolver delitos m\u00e1s complejos y eso se tiene que modificar. Las fronteras son d\u00e9biles, hay que reforzar la seguridad, pero el problema no est\u00e1 ah\u00ed, el problema est\u00e1 en la corrupci\u00f3n que permite el ingreso del narcotr\u00e1fico en el territorio\u00bb, concluy\u00f3.<\/p>\n<p>&nbsp;<\/p>\n<p>&nbsp;<\/p>\n<p>&nbsp;<\/p>\n","protected":false},"excerpt":{"rendered":"<p>El especialista en seguridad P\u00fablica e Inteligencia Silvio Manino analiz\u00f3 la situaci\u00f3n de la seguridad a nivel nacional y provincial. Adem\u00e1s, en di\u00e1logo con Caf\u00e9 Prensa se refiri\u00f3 a las pol\u00edticas contra el narcotr\u00e1fico que ejecutan en Tucum\u00e1n. \u00abToda inversi\u00f3n que se haga en seguridad es buena, porque vemos que la polic\u00eda provincial esta desarmada &hellip;<\/p>\n","protected":false},"author":2,"featured_media":9823,"comment_status":"open","ping_status":"open","sticky":false,"template":"","format":"standard","meta":{"footnotes":""},"categories":[34],"tags":[2243,2241,968,2242,719,2240,160],"class_list":["post-9819","post","type-post","status-publish","format-standard","has-post-thumbnail","hentry","category-locales","tag-fuerzas-federales","tag-ley-de-narcomenudeo","tag-narcotrafico","tag-politicas-de-seguridad","tag-seguridad","tag-silvio-manino","tag-tucuman"],"_links":{"self":[{"href":"https:\/\/cafeprensa.com.ar\/index.php\/wp-json\/wp\/v2\/posts\/9819","targetHints":{"allow":["GET"]}}],"collection":[{"href":"https:\/\/cafeprensa.com.ar\/index.php\/wp-json\/wp\/v2\/posts"}],"about":[{"href":"https:\/\/cafeprensa.com.ar\/index.php\/wp-json\/wp\/v2\/types\/post"}],"author":[{"embeddable":true,"href":"https:\/\/cafeprensa.com.ar\/index.php\/wp-json\/wp\/v2\/users\/2"}],"replies":[{"embeddable":true,"href":"https:\/\/cafeprensa.com.ar\/index.php\/wp-json\/wp\/v2\/comments?post=9819"}],"version-history":[{"count":4,"href":"https:\/\/cafeprensa.com.ar\/index.php\/wp-json\/wp\/v2\/posts\/9819\/revisions"}],"predecessor-version":[{"id":9828,"href":"https:\/\/cafeprensa.com.ar\/index.php\/wp-json\/wp\/v2\/posts\/9819\/revisions\/9828"}],"wp:featuredmedia":[{"embeddable":true,"href":"https:\/\/cafeprensa.com.ar\/index.php\/wp-json\/wp\/v2\/media\/9823"}],"wp:attachment":[{"href":"https:\/\/cafeprensa.com.ar\/index.php\/wp-json\/wp\/v2\/media?parent=9819"}],"wp:term":[{"taxonomy":"category","embeddable":true,"href":"https:\/\/cafeprensa.com.ar\/index.php\/wp-json\/wp\/v2\/categories?post=9819"},{"taxonomy":"post_tag","embeddable":true,"href":"https:\/\/cafeprensa.com.ar\/index.php\/wp-json\/wp\/v2\/tags?post=9819"}],"curies":[{"name":"wp","href":"https:\/\/api.w.org\/{rel}","templated":true}]}}