{"id":9947,"date":"2025-07-24T13:11:33","date_gmt":"2025-07-24T11:11:33","guid":{"rendered":"https:\/\/cafeprensa.com.ar\/?p=9947"},"modified":"2025-07-24T13:11:33","modified_gmt":"2025-07-24T11:11:33","slug":"el-gobierno-de-milei-negocia-con-siete-gobernadores-el-reparto-de-fondos-a-cambio-de-apoyos-legislativos","status":"publish","type":"post","link":"https:\/\/cafeprensa.com.ar\/index.php\/2025\/07\/24\/el-gobierno-de-milei-negocia-con-siete-gobernadores-el-reparto-de-fondos-a-cambio-de-apoyos-legislativos\/","title":{"rendered":"El gobierno de Milei negocia con siete gobernadores el reparto de fondos a cambio de apoyos legislativos"},"content":{"rendered":"<header class=\"entry-header\">\n<div class=\"entry-meta\">En la Casa Rosada se respira el viejo aroma de la rosca. En los \u00faltimos cinco d\u00edas, el desfile de gobernadores por los pasillos del poder nacional revel\u00f3 una estrategia tan cl\u00e1sica como pragm\u00e1tica: billetera mata ideolog\u00eda.<\/div>\n<\/header>\n<div class=\"entry-content\">\n<p><em><strong>Salta, Jujuy, Neuqu\u00e9n, Mendoza, Catamarca, Chaco y Entre R\u00edos<\/strong><\/em> enviaron a sus m\u00e1ximos mandatarios para negociar, cara a cara, con el Ejecutivo nacional. La consigna es clara: apoyo legislativo a cambio de fondos frescos. <strong>Nadie lo dice abiertamente, pero todos lo entienden.<\/strong><\/p>\n<p>En un clima donde las transferencias no autom\u00e1ticas se manejan con cuentagotas, los gobernadores saben que un gesto de buena voluntad en el Congreso puede valer millones. <strong>Para Milei, que necesita cada voto para avanzar con su agenda, el acuerdo es casi inevitable.<\/strong> Para los mandatarios provinciales, acorralados por la ca\u00edda de la recaudaci\u00f3n y la par\u00e1lisis de obras p\u00fablicas, es una cuesti\u00f3n de supervivencia.<\/p>\n<p><strong>La lista de visitantes ilustra el mapa de la negociaci\u00f3n: Gustavo S\u00e1enz (Salta) busca reactivar obras estrat\u00e9gicas y resolver el conflicto docente; Carlos Sadir (Jujuy) pidi\u00f3 asistencia para cubrir desequilibrios fiscales; Rolando Figueroa (Neuqu\u00e9n) intenta resguardar el flujo de regal\u00edas y fondos para infraestructura; Alfredo Cornejo (Mendoza) juega una partida doble, midiendo costos pol\u00edticos; Ra\u00fal Jalil (Catamarca), Jorge Capitanich (Chaco) y Rogelio Frigerio (Entre R\u00edos) se mostraron abiertos al \u201cdi\u00e1logo institucional\u201d.<\/strong><\/p>\n<p>El objetivo de la Casa Rosada no es solo lograr respaldo a la Ley Bases, sino tambi\u00e9n ir tejiendo alianzas con vistas a octubre. <strong>Aunque Milei repite que no hace pol\u00edtica, su mesa chica ya piensa en ampliar la base de sustentaci\u00f3n de cara al segundo tramo del a\u00f1o. Las fotos con gobernadores no son casuales.<\/strong><\/p>\n<p>Mientras tanto, los ciudadanos siguen esperando respuestas concretas en sus provincias. Y aunque el pacto fiscal es el eje formal de los encuentros, la verdad se encuentra en los m\u00e1rgenes: en los favores prometidos, las obras habilitadas, y los silencios pactados en el recinto.<\/p>\n<\/div>\n","protected":false},"excerpt":{"rendered":"<p>En la Casa Rosada se respira el viejo aroma de la rosca. En los \u00faltimos cinco d\u00edas, el desfile de gobernadores por los pasillos del poder nacional revel\u00f3 una estrategia tan cl\u00e1sica como pragm\u00e1tica: billetera mata ideolog\u00eda. Salta, Jujuy, Neuqu\u00e9n, Mendoza, Catamarca, Chaco y Entre R\u00edos enviaron a sus m\u00e1ximos mandatarios para negociar, cara a &hellip;<\/p>\n","protected":false},"author":2,"featured_media":9948,"comment_status":"open","ping_status":"open","sticky":false,"template":"","format":"standard","meta":{"footnotes":""},"categories":[33,25],"tags":[624,2262,117,85,501,96],"class_list":["post-9947","post","type-post","status-publish","format-standard","has-post-thumbnail","hentry","category-nacionales","category-politica","tag-catamarca","tag-chaco-y-entre-rios","tag-jujuy","tag-mendoza","tag-neuquen","tag-salta"],"_links":{"self":[{"href":"https:\/\/cafeprensa.com.ar\/index.php\/wp-json\/wp\/v2\/posts\/9947","targetHints":{"allow":["GET"]}}],"collection":[{"href":"https:\/\/cafeprensa.com.ar\/index.php\/wp-json\/wp\/v2\/posts"}],"about":[{"href":"https:\/\/cafeprensa.com.ar\/index.php\/wp-json\/wp\/v2\/types\/post"}],"author":[{"embeddable":true,"href":"https:\/\/cafeprensa.com.ar\/index.php\/wp-json\/wp\/v2\/users\/2"}],"replies":[{"embeddable":true,"href":"https:\/\/cafeprensa.com.ar\/index.php\/wp-json\/wp\/v2\/comments?post=9947"}],"version-history":[{"count":1,"href":"https:\/\/cafeprensa.com.ar\/index.php\/wp-json\/wp\/v2\/posts\/9947\/revisions"}],"predecessor-version":[{"id":9949,"href":"https:\/\/cafeprensa.com.ar\/index.php\/wp-json\/wp\/v2\/posts\/9947\/revisions\/9949"}],"wp:featuredmedia":[{"embeddable":true,"href":"https:\/\/cafeprensa.com.ar\/index.php\/wp-json\/wp\/v2\/media\/9948"}],"wp:attachment":[{"href":"https:\/\/cafeprensa.com.ar\/index.php\/wp-json\/wp\/v2\/media?parent=9947"}],"wp:term":[{"taxonomy":"category","embeddable":true,"href":"https:\/\/cafeprensa.com.ar\/index.php\/wp-json\/wp\/v2\/categories?post=9947"},{"taxonomy":"post_tag","embeddable":true,"href":"https:\/\/cafeprensa.com.ar\/index.php\/wp-json\/wp\/v2\/tags?post=9947"}],"curies":[{"name":"wp","href":"https:\/\/api.w.org\/{rel}","templated":true}]}}