{"id":9987,"date":"2025-07-25T13:42:59","date_gmt":"2025-07-25T11:42:59","guid":{"rendered":"https:\/\/cafeprensa.com.ar\/?p=9987"},"modified":"2025-07-25T13:43:28","modified_gmt":"2025-07-25T11:43:28","slug":"hay-unidad-en-el-peronismo-tucumano","status":"publish","type":"post","link":"https:\/\/cafeprensa.com.ar\/index.php\/2025\/07\/25\/hay-unidad-en-el-peronismo-tucumano\/","title":{"rendered":"\u00bfHay unidad en el peronismo tucumano?"},"content":{"rendered":"<header class=\"entry-header\"><\/header>\n<div class=\"entry-content\">\n<p>La foto de Osvaldo Jaldo y Javier Noguera reunidos en Casa de Gobierno parece un gesto de unidad. Pero en pol\u00edtica, como en el p\u00f3ker, las sonrisas muchas veces esconden cartas marcadas. <strong>\u00bfHay unidad real en el peronismo tucumano o es s\u00f3lo una tregua t\u00e1ctica frente a un enemigo com\u00fan que viene creciendo en silencio: La Libertad Avanza?<\/strong><\/p>\n<p>El reloj electoral avanza. La fecha l\u00edmite para presentar listas nacionales es el 10 de agosto, y en el PJ tucumano todos lo saben. <strong>En las \u00faltimas semanas se sucedieron conversaciones reservadas, llamados cruzados y reuniones discretas. En ese ajedrez, la figura de Jaldo emerge como el articulador de una posible lista de consenso que contenga a todos los sectores. Pero las heridas internas no est\u00e1n del todo cerradas.<\/strong><\/p>\n<p><img loading=\"lazy\" decoding=\"async\" class=\"alignnone wp-image-9989 size-full\" src=\"https:\/\/cafeprensa.com.ar\/wp-content\/uploads\/2025\/07\/720x405_124413_20250723151149.jpg\" alt=\"\" width=\"720\" height=\"405\" srcset=\"https:\/\/cafeprensa.com.ar\/wp-content\/uploads\/2025\/07\/720x405_124413_20250723151149.jpg 720w, https:\/\/cafeprensa.com.ar\/wp-content\/uploads\/2025\/07\/720x405_124413_20250723151149-300x169.jpg 300w, https:\/\/cafeprensa.com.ar\/wp-content\/uploads\/2025\/07\/720x405_124413_20250723151149-390x220.jpg 390w\" sizes=\"auto, (max-width: 720px) 100vw, 720px\" \/><\/p>\n<p><strong>Javier Noguera, exintendente de Taf\u00ed Viejo y referente del kirchnerismo local, ya dej\u00f3 trascender que est\u00e1 dispuesto a competir si no hay acuerdos amplios.<\/strong> Su acercamiento al gobernador puede interpretarse como un paso hacia la unidad o como un movimiento para marcar presencia en la mesa chica. <strong>Por su parte, Gladys Medina, ligada a Dar\u00edo Monteros, ya confirm\u00f3 sus intenciones de renovar su banca. La puja entre estos tres espacios define mucho m\u00e1s que una lista: define el lugar del peronismo en un nuevo tablero nacional.<\/strong><\/p>\n<p>Mientras tanto, en la vereda de enfrente, La Libertad Avanza acelera su armado provincial. <strong>Aunque sin nombres rutilantes, el fen\u00f3meno Milei sigue teniendo eco en una parte significativa de la sociedad tucumana, sobre todo entre los m\u00e1s j\u00f3venes, los desencantados y los que no se sienten representados por los partidos tradicionales.<\/strong> No se trata s\u00f3lo de bronca, sino tambi\u00e9n de una identidad emergente que interpela al sistema pol\u00edtico sin pedir permiso.<\/p>\n<p>El riesgo de fragmentarse no es menor. <strong>Una lista del PJ dividida podr\u00eda dejar la puerta abierta a que la fuerza libertaria capitalice esa dispersi\u00f3n, m\u00e1s a\u00fan si logra sumar apoyos de sectores conservadores o del PRO residual. En ese caso, Tucum\u00e1n \u2014una de las provincias m\u00e1s leales al peronismo desde 1983\u2014 podr\u00eda sorprender en octubre.<\/strong><\/p>\n<p><strong>Por eso la pregunta no es si Jaldo y Noguera se llevan bien o si firmaron la paz.<\/strong> La verdadera pregunta es si el peronismo tucumano est\u00e1 dispuesto a arriesgarlo todo en una interna sin cuartel o si va a priorizar la estrategia com\u00fan para frenar el avance libertario.<\/p>\n<p><strong>La historia del peronismo ense\u00f1a que, cuando se siente amenazado, suele cerrarse y reaccionar con fuerza. Pero tambi\u00e9n ense\u00f1a que, cuando sobran los egos y faltan los acuerdos, se ha sabido autoboicotear.<\/strong><\/p>\n<p>El tiempo corre. La unidad puede ser el escudo\u2026 o la trampa.<\/p>\n<p><span style=\"font-size: 8pt;\"><strong>fuente:https:\/\/quediario.com.ar\/2025\/07\/24\/hay-unidad-en-el-peronismo-tucumano\/<\/strong><\/span><\/p>\n<\/div>\n","protected":false},"excerpt":{"rendered":"<p>La foto de Osvaldo Jaldo y Javier Noguera reunidos en Casa de Gobierno parece un gesto de unidad. Pero en pol\u00edtica, como en el p\u00f3ker, las sonrisas muchas veces esconden cartas marcadas. \u00bfHay unidad real en el peronismo tucumano o es s\u00f3lo una tregua t\u00e1ctica frente a un enemigo com\u00fan que viene creciendo en silencio: &hellip;<\/p>\n","protected":false},"author":2,"featured_media":9988,"comment_status":"open","ping_status":"open","sticky":false,"template":"","format":"standard","meta":{"footnotes":""},"categories":[34,25],"tags":[1050,94,1085,121,160],"class_list":["post-9987","post","type-post","status-publish","format-standard","has-post-thumbnail","hentry","category-locales","category-politica","tag-elecciones-2025","tag-jaldo","tag-noguera","tag-pj","tag-tucuman"],"_links":{"self":[{"href":"https:\/\/cafeprensa.com.ar\/index.php\/wp-json\/wp\/v2\/posts\/9987","targetHints":{"allow":["GET"]}}],"collection":[{"href":"https:\/\/cafeprensa.com.ar\/index.php\/wp-json\/wp\/v2\/posts"}],"about":[{"href":"https:\/\/cafeprensa.com.ar\/index.php\/wp-json\/wp\/v2\/types\/post"}],"author":[{"embeddable":true,"href":"https:\/\/cafeprensa.com.ar\/index.php\/wp-json\/wp\/v2\/users\/2"}],"replies":[{"embeddable":true,"href":"https:\/\/cafeprensa.com.ar\/index.php\/wp-json\/wp\/v2\/comments?post=9987"}],"version-history":[{"count":2,"href":"https:\/\/cafeprensa.com.ar\/index.php\/wp-json\/wp\/v2\/posts\/9987\/revisions"}],"predecessor-version":[{"id":9991,"href":"https:\/\/cafeprensa.com.ar\/index.php\/wp-json\/wp\/v2\/posts\/9987\/revisions\/9991"}],"wp:featuredmedia":[{"embeddable":true,"href":"https:\/\/cafeprensa.com.ar\/index.php\/wp-json\/wp\/v2\/media\/9988"}],"wp:attachment":[{"href":"https:\/\/cafeprensa.com.ar\/index.php\/wp-json\/wp\/v2\/media?parent=9987"}],"wp:term":[{"taxonomy":"category","embeddable":true,"href":"https:\/\/cafeprensa.com.ar\/index.php\/wp-json\/wp\/v2\/categories?post=9987"},{"taxonomy":"post_tag","embeddable":true,"href":"https:\/\/cafeprensa.com.ar\/index.php\/wp-json\/wp\/v2\/tags?post=9987"}],"curies":[{"name":"wp","href":"https:\/\/api.w.org\/{rel}","templated":true}]}}