{"id":2588,"count":1,"description":"","link":"https:\/\/cafeprensa.com.ar\/index.php\/tag\/comision-de-accion-social-y-salud-publica\/","name":"Comisi\u00f3n de Acci\u00f3n Social y Salud P\u00fablica","slug":"comision-de-accion-social-y-salud-publica","taxonomy":"post_tag","meta":[],"_links":{"self":[{"href":"https:\/\/cafeprensa.com.ar\/index.php\/wp-json\/wp\/v2\/tags\/2588","targetHints":{"allow":["GET"]}}],"collection":[{"href":"https:\/\/cafeprensa.com.ar\/index.php\/wp-json\/wp\/v2\/tags"}],"about":[{"href":"https:\/\/cafeprensa.com.ar\/index.php\/wp-json\/wp\/v2\/taxonomies\/post_tag"}],"wp:post_type":[{"href":"https:\/\/cafeprensa.com.ar\/index.php\/wp-json\/wp\/v2\/posts?tags=2588"}],"curies":[{"name":"wp","href":"https:\/\/api.w.org\/{rel}","templated":true}]}}