{"id":365,"count":1,"description":"","link":"https:\/\/cafeprensa.com.ar\/index.php\/tag\/alberto-fernandez-bachiller-s-a-escandalo-de-los-seguros-fernando-salim-guillermo-alonso-hector-martinez-sosa-nacion-seguros-osvaldo-alfredo-tortora-pablo-torres-garcia\/","name":"Alberto Fern\u00e1ndez Bachiller S.A. Escandalo de los seguros Fernando Salim Guillermo Alonso H\u00e9ctor Martinez Sosa Naci\u00f3n Seguros Osvaldo Alfredo Tortora Pablo torres Garc\u00eda","slug":"alberto-fernandez-bachiller-s-a-escandalo-de-los-seguros-fernando-salim-guillermo-alonso-hector-martinez-sosa-nacion-seguros-osvaldo-alfredo-tortora-pablo-torres-garcia","taxonomy":"post_tag","meta":[],"_links":{"self":[{"href":"https:\/\/cafeprensa.com.ar\/index.php\/wp-json\/wp\/v2\/tags\/365","targetHints":{"allow":["GET"]}}],"collection":[{"href":"https:\/\/cafeprensa.com.ar\/index.php\/wp-json\/wp\/v2\/tags"}],"about":[{"href":"https:\/\/cafeprensa.com.ar\/index.php\/wp-json\/wp\/v2\/taxonomies\/post_tag"}],"wp:post_type":[{"href":"https:\/\/cafeprensa.com.ar\/index.php\/wp-json\/wp\/v2\/posts?tags=365"}],"curies":[{"name":"wp","href":"https:\/\/api.w.org\/{rel}","templated":true}]}}